{"id":30856,"date":"2021-03-30T15:04:46","date_gmt":"2021-03-30T18:04:46","guid":{"rendered":"https:\/\/www.uninter.com\/radio\/?p=30856"},"modified":"2021-03-30T15:04:46","modified_gmt":"2021-03-30T18:04:46","slug":"conversa-com-o-reitor-42","status":"publish","type":"post","link":"https:\/\/www.uninter.com\/radio\/conversa-com-o-reitor-42","title":{"rendered":"Conversa com o Reitor #42"},"content":{"rendered":"<div dir=\"auto\">Na edi\u00e7\u00e3o\u00a0da vez do programa Conversa com o Reitor o bate-papo \u00e9 sobre Artesanato empreendedor: a feira de rua ocupa a sala de aula e vira livro.<\/div>\n<div dir=\"auto\">A conversa conta a participa\u00e7\u00e3o do professor Julio Bernardelli (autor do livro O artes\u00e3o da Feira do Largo da Ordem: quem \u00e9 esse trabalhador?) e Gabriela Fernandes, egressa do curso de Processos Gerenciais.<\/div>\n<div dir=\"auto\">Acompanhe e participe!<\/div>\n<!--[if lt IE 9]><script>document.createElement('audio');<\/script><![endif]-->\n<audio class=\"wp-audio-shortcode\" id=\"audio-30856-1\" preload=\"none\" style=\"width: 100%;\" controls=\"controls\"><source type=\"audio\/mpeg\" src=\"https:\/\/www.uninter.com\/radio\/wp-content\/uploads\/2021\/03\/conversa-com-o-reitor-19_03_2021_mixagem.mp3?_=1\" \/><a href=\"https:\/\/www.uninter.com\/radio\/wp-content\/uploads\/2021\/03\/conversa-com-o-reitor-19_03_2021_mixagem.mp3\">https:\/\/www.uninter.com\/radio\/wp-content\/uploads\/2021\/03\/conversa-com-o-reitor-19_03_2021_mixagem.mp3<\/a><\/audio>\n","protected":false},"excerpt":{"rendered":"<p>Na edi\u00e7\u00e3o\u00a0da vez do programa Conversa com o Reitor o bate-papo \u00e9 sobre Artesanato empreendedor:&#8230;<\/p>\n","protected":false},"author":3,"featured_media":30517,"comment_status":"open","ping_status":"open","sticky":false,"template":"","format":"standard","meta":[],"categories":[2724],"tags":[],"_links":{"self":[{"href":"https:\/\/www.uninter.com\/radio\/wp-json\/wp\/v2\/posts\/30856"}],"collection":[{"href":"https:\/\/www.uninter.com\/radio\/wp-json\/wp\/v2\/posts"}],"about":[{"href":"https:\/\/www.uninter.com\/radio\/wp-json\/wp\/v2\/types\/post"}],"author":[{"embeddable":true,"href":"https:\/\/www.uninter.com\/radio\/wp-json\/wp\/v2\/users\/3"}],"replies":[{"embeddable":true,"href":"https:\/\/www.uninter.com\/radio\/wp-json\/wp\/v2\/comments?post=30856"}],"version-history":[{"count":1,"href":"https:\/\/www.uninter.com\/radio\/wp-json\/wp\/v2\/posts\/30856\/revisions"}],"predecessor-version":[{"id":30858,"href":"https:\/\/www.uninter.com\/radio\/wp-json\/wp\/v2\/posts\/30856\/revisions\/30858"}],"wp:featuredmedia":[{"embeddable":true,"href":"https:\/\/www.uninter.com\/radio\/wp-json\/wp\/v2\/media\/30517"}],"wp:attachment":[{"href":"https:\/\/www.uninter.com\/radio\/wp-json\/wp\/v2\/media?parent=30856"}],"wp:term":[{"taxonomy":"category","embeddable":true,"href":"https:\/\/www.uninter.com\/radio\/wp-json\/wp\/v2\/categories?post=30856"},{"taxonomy":"post_tag","embeddable":true,"href":"https:\/\/www.uninter.com\/radio\/wp-json\/wp\/v2\/tags?post=30856"}],"curies":[{"name":"wp","href":"https:\/\/api.w.org\/{rel}","templated":true}]}}