{"id":30807,"date":"2021-03-16T15:45:06","date_gmt":"2021-03-16T18:45:06","guid":{"rendered":"https:\/\/www.uninter.com\/radio\/?p=30807"},"modified":"2021-03-16T15:45:06","modified_gmt":"2021-03-16T18:45:06","slug":"chave-interdisciplinar-30","status":"publish","type":"post","link":"https:\/\/www.uninter.com\/radio\/chave-interdisciplinar-30","title":{"rendered":"Chave Interdisciplinar #30"},"content":{"rendered":"<div dir=\"auto\">O programa Chave Interdisciplinar desta vez \u00e9 realizado pela \u00e1rea da EJA, com o tema &#8220;Pol\u00edticas P\u00fablicas Educacionais&#8221;.<\/div>\n<div dir=\"auto\">Quem vai falar sobre o assunto s\u00e3o os professores Maria Tereza Xavier, Evaristo Dias Mendes e Renata Burgo.<\/div>\n<div dir=\"auto\">Acompanhe a participe!<\/div>\n<!--[if lt IE 9]><script>document.createElement('audio');<\/script><![endif]-->\n<audio class=\"wp-audio-shortcode\" id=\"audio-30807-1\" preload=\"none\" style=\"width: 100%;\" controls=\"controls\"><source type=\"audio\/mpeg\" src=\"https:\/\/www.uninter.com\/radio\/wp-content\/uploads\/2021\/03\/chave-interdisciplinar-11_03_2021.mp3?_=1\" \/><a href=\"https:\/\/www.uninter.com\/radio\/wp-content\/uploads\/2021\/03\/chave-interdisciplinar-11_03_2021.mp3\">https:\/\/www.uninter.com\/radio\/wp-content\/uploads\/2021\/03\/chave-interdisciplinar-11_03_2021.mp3<\/a><\/audio>\n","protected":false},"excerpt":{"rendered":"<p>O programa Chave Interdisciplinar desta vez \u00e9 realizado pela \u00e1rea da EJA, com o tema&#8230;<\/p>\n","protected":false},"author":3,"featured_media":30514,"comment_status":"open","ping_status":"open","sticky":false,"template":"","format":"standard","meta":[],"categories":[2735],"tags":[],"_links":{"self":[{"href":"https:\/\/www.uninter.com\/radio\/wp-json\/wp\/v2\/posts\/30807"}],"collection":[{"href":"https:\/\/www.uninter.com\/radio\/wp-json\/wp\/v2\/posts"}],"about":[{"href":"https:\/\/www.uninter.com\/radio\/wp-json\/wp\/v2\/types\/post"}],"author":[{"embeddable":true,"href":"https:\/\/www.uninter.com\/radio\/wp-json\/wp\/v2\/users\/3"}],"replies":[{"embeddable":true,"href":"https:\/\/www.uninter.com\/radio\/wp-json\/wp\/v2\/comments?post=30807"}],"version-history":[{"count":1,"href":"https:\/\/www.uninter.com\/radio\/wp-json\/wp\/v2\/posts\/30807\/revisions"}],"predecessor-version":[{"id":30809,"href":"https:\/\/www.uninter.com\/radio\/wp-json\/wp\/v2\/posts\/30807\/revisions\/30809"}],"wp:featuredmedia":[{"embeddable":true,"href":"https:\/\/www.uninter.com\/radio\/wp-json\/wp\/v2\/media\/30514"}],"wp:attachment":[{"href":"https:\/\/www.uninter.com\/radio\/wp-json\/wp\/v2\/media?parent=30807"}],"wp:term":[{"taxonomy":"category","embeddable":true,"href":"https:\/\/www.uninter.com\/radio\/wp-json\/wp\/v2\/categories?post=30807"},{"taxonomy":"post_tag","embeddable":true,"href":"https:\/\/www.uninter.com\/radio\/wp-json\/wp\/v2\/tags?post=30807"}],"curies":[{"name":"wp","href":"https:\/\/api.w.org\/{rel}","templated":true}]}}