{"id":30719,"date":"2021-03-05T14:26:24","date_gmt":"2021-03-05T17:26:24","guid":{"rendered":"https:\/\/www.uninter.com\/radio\/?p=30719"},"modified":"2021-03-05T14:26:24","modified_gmt":"2021-03-05T17:26:24","slug":"conversa-com-o-reitor-40","status":"publish","type":"post","link":"https:\/\/www.uninter.com\/radio\/conversa-com-o-reitor-40","title":{"rendered":"Conversa com o Reitor #40"},"content":{"rendered":"<div dir=\"auto\">Na edi\u00e7\u00e3o da vez do programa Conversa com o Reitor, vamos saber dos planos e novidades da Escola Superior Jur\u00eddica e da Escola Polit\u00e9cnica para 2021.<\/div>\n<div dir=\"auto\">Para a conversa, Benhur Gaio recebe D\u00e9bora Veneral e Moacyr Paranhos.<\/div>\n<div dir=\"auto\">Acompanhe!<\/div>\n<!--[if lt IE 9]><script>document.createElement('audio');<\/script><![endif]-->\n<audio class=\"wp-audio-shortcode\" id=\"audio-30719-1\" preload=\"none\" style=\"width: 100%;\" controls=\"controls\"><source type=\"audio\/mpeg\" src=\"https:\/\/www.uninter.com\/radio\/wp-content\/uploads\/2021\/03\/conversa-com-o-reitor-26_02_mixagem.mp3?_=1\" \/><a href=\"https:\/\/www.uninter.com\/radio\/wp-content\/uploads\/2021\/03\/conversa-com-o-reitor-26_02_mixagem.mp3\">https:\/\/www.uninter.com\/radio\/wp-content\/uploads\/2021\/03\/conversa-com-o-reitor-26_02_mixagem.mp3<\/a><\/audio>\n","protected":false},"excerpt":{"rendered":"<p>Na edi\u00e7\u00e3o da vez do programa Conversa com o Reitor, vamos saber dos planos e&#8230;<\/p>\n","protected":false},"author":3,"featured_media":30517,"comment_status":"open","ping_status":"open","sticky":false,"template":"","format":"standard","meta":[],"categories":[2724],"tags":[],"_links":{"self":[{"href":"https:\/\/www.uninter.com\/radio\/wp-json\/wp\/v2\/posts\/30719"}],"collection":[{"href":"https:\/\/www.uninter.com\/radio\/wp-json\/wp\/v2\/posts"}],"about":[{"href":"https:\/\/www.uninter.com\/radio\/wp-json\/wp\/v2\/types\/post"}],"author":[{"embeddable":true,"href":"https:\/\/www.uninter.com\/radio\/wp-json\/wp\/v2\/users\/3"}],"replies":[{"embeddable":true,"href":"https:\/\/www.uninter.com\/radio\/wp-json\/wp\/v2\/comments?post=30719"}],"version-history":[{"count":1,"href":"https:\/\/www.uninter.com\/radio\/wp-json\/wp\/v2\/posts\/30719\/revisions"}],"predecessor-version":[{"id":30721,"href":"https:\/\/www.uninter.com\/radio\/wp-json\/wp\/v2\/posts\/30719\/revisions\/30721"}],"wp:featuredmedia":[{"embeddable":true,"href":"https:\/\/www.uninter.com\/radio\/wp-json\/wp\/v2\/media\/30517"}],"wp:attachment":[{"href":"https:\/\/www.uninter.com\/radio\/wp-json\/wp\/v2\/media?parent=30719"}],"wp:term":[{"taxonomy":"category","embeddable":true,"href":"https:\/\/www.uninter.com\/radio\/wp-json\/wp\/v2\/categories?post=30719"},{"taxonomy":"post_tag","embeddable":true,"href":"https:\/\/www.uninter.com\/radio\/wp-json\/wp\/v2\/tags?post=30719"}],"curies":[{"name":"wp","href":"https:\/\/api.w.org\/{rel}","templated":true}]}}