{"id":30644,"date":"2021-02-15T16:13:53","date_gmt":"2021-02-15T19:13:53","guid":{"rendered":"https:\/\/www.uninter.com\/radio\/?p=30644"},"modified":"2021-02-15T16:13:53","modified_gmt":"2021-02-15T19:13:53","slug":"sua-carreira-53-novas-pos-graduacoes-em-comunicacao","status":"publish","type":"post","link":"https:\/\/www.uninter.com\/radio\/sua-carreira-53-novas-pos-graduacoes-em-comunicacao","title":{"rendered":"Sua Carreira #53 &#8211; Novas p\u00f3s-gradua\u00e7\u00f5es em comunica\u00e7\u00e3o"},"content":{"rendered":"<div dir=\"auto\">A parte de p\u00f3s-gradua\u00e7\u00e3o da Uninter est\u00e1 com novos cursos na \u00e1rea de comunica\u00e7\u00e3o, e s\u00e3o sobre estes cursos que o Sua Carreira vai falar.<\/div>\n<div dir=\"auto\">Para isso, recebemos o professor e coordenador Cl\u00f3vis Teixeira Filho.<\/div>\n<div dir=\"auto\">Acompanhe!<\/div>\n<!--[if lt IE 9]><script>document.createElement('audio');<\/script><![endif]-->\n<audio class=\"wp-audio-shortcode\" id=\"audio-30644-1\" preload=\"none\" style=\"width: 100%;\" controls=\"controls\"><source type=\"audio\/mpeg\" src=\"https:\/\/www.uninter.com\/radio\/wp-content\/uploads\/2021\/02\/sua-carreira-12_02_mixagem.mp3?_=1\" \/><a href=\"https:\/\/www.uninter.com\/radio\/wp-content\/uploads\/2021\/02\/sua-carreira-12_02_mixagem.mp3\">https:\/\/www.uninter.com\/radio\/wp-content\/uploads\/2021\/02\/sua-carreira-12_02_mixagem.mp3<\/a><\/audio>\n","protected":false},"excerpt":{"rendered":"<p>A parte de p\u00f3s-gradua\u00e7\u00e3o da Uninter est\u00e1 com novos cursos na \u00e1rea de comunica\u00e7\u00e3o, e&#8230;<\/p>\n","protected":false},"author":3,"featured_media":30558,"comment_status":"open","ping_status":"open","sticky":false,"template":"","format":"standard","meta":[],"categories":[2711],"tags":[],"_links":{"self":[{"href":"https:\/\/www.uninter.com\/radio\/wp-json\/wp\/v2\/posts\/30644"}],"collection":[{"href":"https:\/\/www.uninter.com\/radio\/wp-json\/wp\/v2\/posts"}],"about":[{"href":"https:\/\/www.uninter.com\/radio\/wp-json\/wp\/v2\/types\/post"}],"author":[{"embeddable":true,"href":"https:\/\/www.uninter.com\/radio\/wp-json\/wp\/v2\/users\/3"}],"replies":[{"embeddable":true,"href":"https:\/\/www.uninter.com\/radio\/wp-json\/wp\/v2\/comments?post=30644"}],"version-history":[{"count":1,"href":"https:\/\/www.uninter.com\/radio\/wp-json\/wp\/v2\/posts\/30644\/revisions"}],"predecessor-version":[{"id":30646,"href":"https:\/\/www.uninter.com\/radio\/wp-json\/wp\/v2\/posts\/30644\/revisions\/30646"}],"wp:featuredmedia":[{"embeddable":true,"href":"https:\/\/www.uninter.com\/radio\/wp-json\/wp\/v2\/media\/30558"}],"wp:attachment":[{"href":"https:\/\/www.uninter.com\/radio\/wp-json\/wp\/v2\/media?parent=30644"}],"wp:term":[{"taxonomy":"category","embeddable":true,"href":"https:\/\/www.uninter.com\/radio\/wp-json\/wp\/v2\/categories?post=30644"},{"taxonomy":"post_tag","embeddable":true,"href":"https:\/\/www.uninter.com\/radio\/wp-json\/wp\/v2\/tags?post=30644"}],"curies":[{"name":"wp","href":"https:\/\/api.w.org\/{rel}","templated":true}]}}