{"id":30641,"date":"2021-02-15T16:05:53","date_gmt":"2021-02-15T19:05:53","guid":{"rendered":"https:\/\/www.uninter.com\/radio\/?p=30641"},"modified":"2021-02-15T16:05:53","modified_gmt":"2021-02-15T19:05:53","slug":"conversa-com-o-reitor-39","status":"publish","type":"post","link":"https:\/\/www.uninter.com\/radio\/conversa-com-o-reitor-39","title":{"rendered":"Conversa com o Reitor #39"},"content":{"rendered":"<div dir=\"auto\">No programa Conversa com o Reitor vamos saber quais s\u00e3o as expectativas nas \u00e1reas dos mestrados em direito e educa\u00e7\u00e3o da Uninter em 2021.<\/div>\n<div dir=\"auto\">A conversa conta com a presen\u00e7a de Siderly Almeida e Daniel Ferreira.<\/div>\n<div dir=\"auto\">Acompanhe!<\/div>\n<!--[if lt IE 9]><script>document.createElement('audio');<\/script><![endif]-->\n<audio class=\"wp-audio-shortcode\" id=\"audio-30641-1\" preload=\"none\" style=\"width: 100%;\" controls=\"controls\"><source type=\"audio\/mpeg\" src=\"https:\/\/www.uninter.com\/radio\/wp-content\/uploads\/2021\/02\/conversa-com-o-reitor-12_02_mixagem.mp3?_=1\" \/><a href=\"https:\/\/www.uninter.com\/radio\/wp-content\/uploads\/2021\/02\/conversa-com-o-reitor-12_02_mixagem.mp3\">https:\/\/www.uninter.com\/radio\/wp-content\/uploads\/2021\/02\/conversa-com-o-reitor-12_02_mixagem.mp3<\/a><\/audio>\n","protected":false},"excerpt":{"rendered":"<p>No programa Conversa com o Reitor vamos saber quais s\u00e3o as expectativas nas \u00e1reas dos&#8230;<\/p>\n","protected":false},"author":3,"featured_media":30517,"comment_status":"open","ping_status":"open","sticky":false,"template":"","format":"standard","meta":[],"categories":[2724],"tags":[],"_links":{"self":[{"href":"https:\/\/www.uninter.com\/radio\/wp-json\/wp\/v2\/posts\/30641"}],"collection":[{"href":"https:\/\/www.uninter.com\/radio\/wp-json\/wp\/v2\/posts"}],"about":[{"href":"https:\/\/www.uninter.com\/radio\/wp-json\/wp\/v2\/types\/post"}],"author":[{"embeddable":true,"href":"https:\/\/www.uninter.com\/radio\/wp-json\/wp\/v2\/users\/3"}],"replies":[{"embeddable":true,"href":"https:\/\/www.uninter.com\/radio\/wp-json\/wp\/v2\/comments?post=30641"}],"version-history":[{"count":1,"href":"https:\/\/www.uninter.com\/radio\/wp-json\/wp\/v2\/posts\/30641\/revisions"}],"predecessor-version":[{"id":30643,"href":"https:\/\/www.uninter.com\/radio\/wp-json\/wp\/v2\/posts\/30641\/revisions\/30643"}],"wp:featuredmedia":[{"embeddable":true,"href":"https:\/\/www.uninter.com\/radio\/wp-json\/wp\/v2\/media\/30517"}],"wp:attachment":[{"href":"https:\/\/www.uninter.com\/radio\/wp-json\/wp\/v2\/media?parent=30641"}],"wp:term":[{"taxonomy":"category","embeddable":true,"href":"https:\/\/www.uninter.com\/radio\/wp-json\/wp\/v2\/categories?post=30641"},{"taxonomy":"post_tag","embeddable":true,"href":"https:\/\/www.uninter.com\/radio\/wp-json\/wp\/v2\/tags?post=30641"}],"curies":[{"name":"wp","href":"https:\/\/api.w.org\/{rel}","templated":true}]}}