{"id":30625,"date":"2021-02-15T14:50:24","date_gmt":"2021-02-15T17:50:24","guid":{"rendered":"https:\/\/www.uninter.com\/radio\/?p=30625"},"modified":"2021-02-15T14:50:24","modified_gmt":"2021-02-15T17:50:24","slug":"brasil-nosso-pais-em-transformacao-31","status":"publish","type":"post","link":"https:\/\/www.uninter.com\/radio\/brasil-nosso-pais-em-transformacao-31","title":{"rendered":"Brasil: nosso pa\u00eds em transforma\u00e7\u00e3o #31"},"content":{"rendered":"<div dir=\"auto\">Estamos de volta com o programa Brasil: nosso pa\u00eds em transforma\u00e7\u00e3o, e a primeira edi\u00e7\u00e3o de 2021 vai falar sobre &#8220;Meio ambiente e a situa\u00e7\u00e3o na pandemia&#8221;.<\/div>\n<div dir=\"auto\">Para debater o assunto, contamos com a participa\u00e7\u00e3o das professoras Sandra Lopes e Marcia Kravetz.<\/div>\n<div dir=\"auto\">Acompanhe!<\/div>\n<!--[if lt IE 9]><script>document.createElement('audio');<\/script><![endif]-->\n<audio class=\"wp-audio-shortcode\" id=\"audio-30625-1\" preload=\"none\" style=\"width: 100%;\" controls=\"controls\"><source type=\"audio\/mpeg\" src=\"https:\/\/www.uninter.com\/radio\/wp-content\/uploads\/2021\/02\/brasil-nosso-pa\u00eds-em-transforma\u00e7\u00e3o-09_02_mixagem.mp3?_=1\" \/><a href=\"https:\/\/www.uninter.com\/radio\/wp-content\/uploads\/2021\/02\/brasil-nosso-pa\u00eds-em-transforma\u00e7\u00e3o-09_02_mixagem.mp3\">https:\/\/www.uninter.com\/radio\/wp-content\/uploads\/2021\/02\/brasil-nosso-pa\u00eds-em-transforma\u00e7\u00e3o-09_02_mixagem.mp3<\/a><\/audio>\n","protected":false},"excerpt":{"rendered":"<p>Estamos de volta com o programa Brasil: nosso pa\u00eds em transforma\u00e7\u00e3o, e a primeira edi\u00e7\u00e3o&#8230;<\/p>\n","protected":false},"author":3,"featured_media":30512,"comment_status":"open","ping_status":"open","sticky":false,"template":"","format":"standard","meta":[],"categories":[2717],"tags":[],"_links":{"self":[{"href":"https:\/\/www.uninter.com\/radio\/wp-json\/wp\/v2\/posts\/30625"}],"collection":[{"href":"https:\/\/www.uninter.com\/radio\/wp-json\/wp\/v2\/posts"}],"about":[{"href":"https:\/\/www.uninter.com\/radio\/wp-json\/wp\/v2\/types\/post"}],"author":[{"embeddable":true,"href":"https:\/\/www.uninter.com\/radio\/wp-json\/wp\/v2\/users\/3"}],"replies":[{"embeddable":true,"href":"https:\/\/www.uninter.com\/radio\/wp-json\/wp\/v2\/comments?post=30625"}],"version-history":[{"count":1,"href":"https:\/\/www.uninter.com\/radio\/wp-json\/wp\/v2\/posts\/30625\/revisions"}],"predecessor-version":[{"id":30627,"href":"https:\/\/www.uninter.com\/radio\/wp-json\/wp\/v2\/posts\/30625\/revisions\/30627"}],"wp:featuredmedia":[{"embeddable":true,"href":"https:\/\/www.uninter.com\/radio\/wp-json\/wp\/v2\/media\/30512"}],"wp:attachment":[{"href":"https:\/\/www.uninter.com\/radio\/wp-json\/wp\/v2\/media?parent=30625"}],"wp:term":[{"taxonomy":"category","embeddable":true,"href":"https:\/\/www.uninter.com\/radio\/wp-json\/wp\/v2\/categories?post=30625"},{"taxonomy":"post_tag","embeddable":true,"href":"https:\/\/www.uninter.com\/radio\/wp-json\/wp\/v2\/tags?post=30625"}],"curies":[{"name":"wp","href":"https:\/\/api.w.org\/{rel}","templated":true}]}}