{"id":30612,"date":"2021-02-08T16:27:11","date_gmt":"2021-02-08T19:27:11","guid":{"rendered":"https:\/\/www.uninter.com\/radio\/?p=30612"},"modified":"2021-02-08T16:27:11","modified_gmt":"2021-02-08T19:27:11","slug":"sua-carreira-52-gestao-de-midias-sociais","status":"publish","type":"post","link":"https:\/\/www.uninter.com\/radio\/sua-carreira-52-gestao-de-midias-sociais","title":{"rendered":"Sua Carreira #52 &#8211; Gest\u00e3o de M\u00eddias Sociais"},"content":{"rendered":"<div dir=\"auto\">Estamos cada vez mais adeptos ao mundo online e uma das tend\u00eancias de emprego mais crescente \u00e9 dentre dessa \u00e1rea.<\/div>\n<div dir=\"auto\">Para falar mais sobre estes aspectos, o primeiro Sua Carreira de 2021 recebe os professores Achiles Batista e Maria Carolina Avis para falar sobre o novo curso da Uninter, Gest\u00e3o de m\u00eddias sociais.<\/div>\n<div dir=\"auto\">Acompanhe!<\/div>\n<!--[if lt IE 9]><script>document.createElement('audio');<\/script><![endif]-->\n<audio class=\"wp-audio-shortcode\" id=\"audio-30612-1\" preload=\"none\" style=\"width: 100%;\" controls=\"controls\"><source type=\"audio\/mpeg\" src=\"https:\/\/www.uninter.com\/radio\/wp-content\/uploads\/2021\/02\/sua-carreira-05_02_mixagem.mp3?_=1\" \/><a href=\"https:\/\/www.uninter.com\/radio\/wp-content\/uploads\/2021\/02\/sua-carreira-05_02_mixagem.mp3\">https:\/\/www.uninter.com\/radio\/wp-content\/uploads\/2021\/02\/sua-carreira-05_02_mixagem.mp3<\/a><\/audio>\n","protected":false},"excerpt":{"rendered":"<p>Estamos cada vez mais adeptos ao mundo online e uma das tend\u00eancias de emprego mais&#8230;<\/p>\n","protected":false},"author":3,"featured_media":30558,"comment_status":"open","ping_status":"open","sticky":false,"template":"","format":"standard","meta":[],"categories":[2711],"tags":[],"_links":{"self":[{"href":"https:\/\/www.uninter.com\/radio\/wp-json\/wp\/v2\/posts\/30612"}],"collection":[{"href":"https:\/\/www.uninter.com\/radio\/wp-json\/wp\/v2\/posts"}],"about":[{"href":"https:\/\/www.uninter.com\/radio\/wp-json\/wp\/v2\/types\/post"}],"author":[{"embeddable":true,"href":"https:\/\/www.uninter.com\/radio\/wp-json\/wp\/v2\/users\/3"}],"replies":[{"embeddable":true,"href":"https:\/\/www.uninter.com\/radio\/wp-json\/wp\/v2\/comments?post=30612"}],"version-history":[{"count":1,"href":"https:\/\/www.uninter.com\/radio\/wp-json\/wp\/v2\/posts\/30612\/revisions"}],"predecessor-version":[{"id":30614,"href":"https:\/\/www.uninter.com\/radio\/wp-json\/wp\/v2\/posts\/30612\/revisions\/30614"}],"wp:featuredmedia":[{"embeddable":true,"href":"https:\/\/www.uninter.com\/radio\/wp-json\/wp\/v2\/media\/30558"}],"wp:attachment":[{"href":"https:\/\/www.uninter.com\/radio\/wp-json\/wp\/v2\/media?parent=30612"}],"wp:term":[{"taxonomy":"category","embeddable":true,"href":"https:\/\/www.uninter.com\/radio\/wp-json\/wp\/v2\/categories?post=30612"},{"taxonomy":"post_tag","embeddable":true,"href":"https:\/\/www.uninter.com\/radio\/wp-json\/wp\/v2\/tags?post=30612"}],"curies":[{"name":"wp","href":"https:\/\/api.w.org\/{rel}","templated":true}]}}