{"id":30585,"date":"2021-01-29T14:08:03","date_gmt":"2021-01-29T17:08:03","guid":{"rendered":"https:\/\/www.uninter.com\/radio\/?p=30585"},"modified":"2021-01-29T14:08:03","modified_gmt":"2021-01-29T17:08:03","slug":"conversa-com-o-reitor-38","status":"publish","type":"post","link":"https:\/\/www.uninter.com\/radio\/conversa-com-o-reitor-38","title":{"rendered":"Conversa com o Reitor #38"},"content":{"rendered":"<div dir=\"auto\">Estamos abrindo a temporada 2021 do Conversa com o Reitor, e para come\u00e7ar com o p\u00e9 direito, estamos recebendo o Pr\u00f3-reitor Jorge Bernardi, e junto com o Reitor Benhur Gaio, vai falar sobre sua gest\u00e3o e os novos projetos.<\/div>\n<div dir=\"auto\">Acompanhe!<\/div>\n<!--[if lt IE 9]><script>document.createElement('audio');<\/script><![endif]-->\n<audio class=\"wp-audio-shortcode\" id=\"audio-30585-1\" preload=\"none\" style=\"width: 100%;\" controls=\"controls\"><source type=\"audio\/mpeg\" src=\"https:\/\/www.uninter.com\/radio\/wp-content\/uploads\/2021\/01\/conversa-com-o-reitor-29_01_mixagem.mp3?_=1\" \/><a href=\"https:\/\/www.uninter.com\/radio\/wp-content\/uploads\/2021\/01\/conversa-com-o-reitor-29_01_mixagem.mp3\">https:\/\/www.uninter.com\/radio\/wp-content\/uploads\/2021\/01\/conversa-com-o-reitor-29_01_mixagem.mp3<\/a><\/audio>\n","protected":false},"excerpt":{"rendered":"<p>Estamos abrindo a temporada 2021 do Conversa com o Reitor, e para come\u00e7ar com o&#8230;<\/p>\n","protected":false},"author":3,"featured_media":30517,"comment_status":"open","ping_status":"open","sticky":false,"template":"","format":"standard","meta":[],"categories":[2724],"tags":[],"_links":{"self":[{"href":"https:\/\/www.uninter.com\/radio\/wp-json\/wp\/v2\/posts\/30585"}],"collection":[{"href":"https:\/\/www.uninter.com\/radio\/wp-json\/wp\/v2\/posts"}],"about":[{"href":"https:\/\/www.uninter.com\/radio\/wp-json\/wp\/v2\/types\/post"}],"author":[{"embeddable":true,"href":"https:\/\/www.uninter.com\/radio\/wp-json\/wp\/v2\/users\/3"}],"replies":[{"embeddable":true,"href":"https:\/\/www.uninter.com\/radio\/wp-json\/wp\/v2\/comments?post=30585"}],"version-history":[{"count":1,"href":"https:\/\/www.uninter.com\/radio\/wp-json\/wp\/v2\/posts\/30585\/revisions"}],"predecessor-version":[{"id":30587,"href":"https:\/\/www.uninter.com\/radio\/wp-json\/wp\/v2\/posts\/30585\/revisions\/30587"}],"wp:featuredmedia":[{"embeddable":true,"href":"https:\/\/www.uninter.com\/radio\/wp-json\/wp\/v2\/media\/30517"}],"wp:attachment":[{"href":"https:\/\/www.uninter.com\/radio\/wp-json\/wp\/v2\/media?parent=30585"}],"wp:term":[{"taxonomy":"category","embeddable":true,"href":"https:\/\/www.uninter.com\/radio\/wp-json\/wp\/v2\/categories?post=30585"},{"taxonomy":"post_tag","embeddable":true,"href":"https:\/\/www.uninter.com\/radio\/wp-json\/wp\/v2\/tags?post=30585"}],"curies":[{"name":"wp","href":"https:\/\/api.w.org\/{rel}","templated":true}]}}