{"id":30411,"date":"2020-12-14T16:59:39","date_gmt":"2020-12-14T19:59:39","guid":{"rendered":"https:\/\/www.uninter.com\/radio\/?p=30411"},"modified":"2020-12-14T16:59:39","modified_gmt":"2020-12-14T19:59:39","slug":"conversa-com-o-reitor-35","status":"publish","type":"post","link":"https:\/\/www.uninter.com\/radio\/conversa-com-o-reitor-35","title":{"rendered":"Conversa com o Reitor #35"},"content":{"rendered":"<div dir=\"auto\">Nas elei\u00e7\u00f5es de 2020 o TRE realizou a campanha &#8220;Universidade Amiga da Justi\u00e7a Eleitoral&#8221;, que contou com a participa\u00e7\u00e3o de v\u00e1rias universidades, inclusive a Uninter.<\/div>\n<div dir=\"auto\">Este \u00e9 o tema do Conversa com o Reitor de hoje, e para falar sobre o assunto recebemos D\u00e9bora Veneral \u2013 Diretora da Escola Superior de Gest\u00e3o P\u00fablica, Pol\u00edtica, Jur\u00eddica e Seguran\u00e7a, Lucas Massimo \u2013 Cooordenador do Curso de Ci\u00eancia Pol\u00edtica \u2013 Uninter, Jailson Ara\u00fajo \u2013 Coordenador do Curso de Direito \u2013 Uninter e Frederico Almeida \u2013 Funcion\u00e1rio do TRE.<\/div>\n<div dir=\"auto\">Acompanhe!<\/div>\n<!--[if lt IE 9]><script>document.createElement('audio');<\/script><![endif]-->\n<audio class=\"wp-audio-shortcode\" id=\"audio-30411-1\" preload=\"none\" style=\"width: 100%;\" controls=\"controls\"><source type=\"audio\/mpeg\" src=\"https:\/\/www.uninter.com\/radio\/wp-content\/uploads\/2020\/12\/conversa-com-o-reitor-04_12_2020_mixagem.mp3?_=1\" \/><a href=\"https:\/\/www.uninter.com\/radio\/wp-content\/uploads\/2020\/12\/conversa-com-o-reitor-04_12_2020_mixagem.mp3\">https:\/\/www.uninter.com\/radio\/wp-content\/uploads\/2020\/12\/conversa-com-o-reitor-04_12_2020_mixagem.mp3<\/a><\/audio>\n","protected":false},"excerpt":{"rendered":"<p>Nas elei\u00e7\u00f5es de 2020 o TRE realizou a campanha &#8220;Universidade Amiga da Justi\u00e7a Eleitoral&#8221;, que&#8230;<\/p>\n","protected":false},"author":3,"featured_media":30517,"comment_status":"open","ping_status":"open","sticky":false,"template":"","format":"standard","meta":[],"categories":[2724],"tags":[],"_links":{"self":[{"href":"https:\/\/www.uninter.com\/radio\/wp-json\/wp\/v2\/posts\/30411"}],"collection":[{"href":"https:\/\/www.uninter.com\/radio\/wp-json\/wp\/v2\/posts"}],"about":[{"href":"https:\/\/www.uninter.com\/radio\/wp-json\/wp\/v2\/types\/post"}],"author":[{"embeddable":true,"href":"https:\/\/www.uninter.com\/radio\/wp-json\/wp\/v2\/users\/3"}],"replies":[{"embeddable":true,"href":"https:\/\/www.uninter.com\/radio\/wp-json\/wp\/v2\/comments?post=30411"}],"version-history":[{"count":1,"href":"https:\/\/www.uninter.com\/radio\/wp-json\/wp\/v2\/posts\/30411\/revisions"}],"predecessor-version":[{"id":30413,"href":"https:\/\/www.uninter.com\/radio\/wp-json\/wp\/v2\/posts\/30411\/revisions\/30413"}],"wp:featuredmedia":[{"embeddable":true,"href":"https:\/\/www.uninter.com\/radio\/wp-json\/wp\/v2\/media\/30517"}],"wp:attachment":[{"href":"https:\/\/www.uninter.com\/radio\/wp-json\/wp\/v2\/media?parent=30411"}],"wp:term":[{"taxonomy":"category","embeddable":true,"href":"https:\/\/www.uninter.com\/radio\/wp-json\/wp\/v2\/categories?post=30411"},{"taxonomy":"post_tag","embeddable":true,"href":"https:\/\/www.uninter.com\/radio\/wp-json\/wp\/v2\/tags?post=30411"}],"curies":[{"name":"wp","href":"https:\/\/api.w.org\/{rel}","templated":true}]}}