{"id":30377,"date":"2020-12-03T19:18:03","date_gmt":"2020-12-03T22:18:03","guid":{"rendered":"https:\/\/www.uninter.com\/radio\/?p=30377"},"modified":"2020-12-03T19:18:03","modified_gmt":"2020-12-03T22:18:03","slug":"inclusao-em-rede-25","status":"publish","type":"post","link":"https:\/\/www.uninter.com\/radio\/inclusao-em-rede-25","title":{"rendered":"Inclus\u00e3o em Rede #25"},"content":{"rendered":"<div dir=\"auto\">No programa Inclus\u00e3o em Rede da vez o tema \u00e9 &#8220;Surdocegueira &#8211; Uma condi\u00e7\u00e3o \u00fanica&#8221;.<\/div>\n<div dir=\"auto\">Para isso, recebemos o Professor Mestre Carlos Frederico, representante do grupo Brasil de apoio ao Surdocego e m\u00faltiplo deficiente no Paran\u00e1, afiliado a DEAFELIND Internacional de apoio ao Surdocego e a Rede Ibero Latino Americana de Surdocegueira.<\/div>\n<div dir=\"auto\">Acompanhe!<\/div>\n<!--[if lt IE 9]><script>document.createElement('audio');<\/script><![endif]-->\n<audio class=\"wp-audio-shortcode\" id=\"audio-30377-1\" preload=\"none\" style=\"width: 100%;\" controls=\"controls\"><source type=\"audio\/mpeg\" src=\"https:\/\/www.uninter.com\/radio\/wp-content\/uploads\/2020\/12\/inclusao-em-rede-27_11_2020_mixagem-online-audio-converter.com_.mp3?_=1\" \/><a href=\"https:\/\/www.uninter.com\/radio\/wp-content\/uploads\/2020\/12\/inclusao-em-rede-27_11_2020_mixagem-online-audio-converter.com_.mp3\">https:\/\/www.uninter.com\/radio\/wp-content\/uploads\/2020\/12\/inclusao-em-rede-27_11_2020_mixagem-online-audio-converter.com_.mp3<\/a><\/audio>\n","protected":false},"excerpt":{"rendered":"<p>No programa Inclus\u00e3o em Rede da vez o tema \u00e9 &#8220;Surdocegueira &#8211; Uma condi\u00e7\u00e3o \u00fanica&#8221;&#8230;.<\/p>\n","protected":false},"author":3,"featured_media":30530,"comment_status":"open","ping_status":"open","sticky":false,"template":"","format":"standard","meta":[],"categories":[2727],"tags":[],"_links":{"self":[{"href":"https:\/\/www.uninter.com\/radio\/wp-json\/wp\/v2\/posts\/30377"}],"collection":[{"href":"https:\/\/www.uninter.com\/radio\/wp-json\/wp\/v2\/posts"}],"about":[{"href":"https:\/\/www.uninter.com\/radio\/wp-json\/wp\/v2\/types\/post"}],"author":[{"embeddable":true,"href":"https:\/\/www.uninter.com\/radio\/wp-json\/wp\/v2\/users\/3"}],"replies":[{"embeddable":true,"href":"https:\/\/www.uninter.com\/radio\/wp-json\/wp\/v2\/comments?post=30377"}],"version-history":[{"count":1,"href":"https:\/\/www.uninter.com\/radio\/wp-json\/wp\/v2\/posts\/30377\/revisions"}],"predecessor-version":[{"id":30379,"href":"https:\/\/www.uninter.com\/radio\/wp-json\/wp\/v2\/posts\/30377\/revisions\/30379"}],"wp:featuredmedia":[{"embeddable":true,"href":"https:\/\/www.uninter.com\/radio\/wp-json\/wp\/v2\/media\/30530"}],"wp:attachment":[{"href":"https:\/\/www.uninter.com\/radio\/wp-json\/wp\/v2\/media?parent=30377"}],"wp:term":[{"taxonomy":"category","embeddable":true,"href":"https:\/\/www.uninter.com\/radio\/wp-json\/wp\/v2\/categories?post=30377"},{"taxonomy":"post_tag","embeddable":true,"href":"https:\/\/www.uninter.com\/radio\/wp-json\/wp\/v2\/tags?post=30377"}],"curies":[{"name":"wp","href":"https:\/\/api.w.org\/{rel}","templated":true}]}}