{"id":30279,"date":"2020-11-20T16:02:37","date_gmt":"2020-11-20T19:02:37","guid":{"rendered":"https:\/\/www.uninter.com\/radio\/?p=30279"},"modified":"2020-11-20T16:02:37","modified_gmt":"2020-11-20T19:02:37","slug":"conversa-com-o-reitor-32","status":"publish","type":"post","link":"https:\/\/www.uninter.com\/radio\/conversa-com-o-reitor-32","title":{"rendered":"Conversa com o reitor #32"},"content":{"rendered":"<p>Casal de septuagen\u00e1rios se forma em Teologia pela Uninter. Na edi\u00e7\u00e3o do Programa Conversa com o Reitor desta sexta-feira (13) teremos a participa\u00e7\u00e3o do casal da cidade de Juiz de Fora (MG), Deusdedit Le\u00e3o Monteiro de Resende (78 anos) e Maria Helena Inacarato Resende (77 anos) que v\u00e3o compartilhar a sua trajet\u00f3ria. Tamb\u00e9m ir\u00e3o participar Maria Dornellas, gestora do polo da Uninter de Juiz de Fora (MG) e M\u00e1rcio Jos\u00e9 Pelinski &#8211; professor de Teologia Cat\u00f3lica da Uninter.<\/p>\n<!--[if lt IE 9]><script>document.createElement('audio');<\/script><![endif]-->\n<audio class=\"wp-audio-shortcode\" id=\"audio-30279-1\" preload=\"none\" style=\"width: 100%;\" controls=\"controls\"><source type=\"audio\/mpeg\" src=\"https:\/\/www.uninter.com\/radio\/wp-content\/uploads\/2020\/11\/conversa-com-o-reitor-13_11_2020_mixagem.mp3?_=1\" \/><a href=\"https:\/\/www.uninter.com\/radio\/wp-content\/uploads\/2020\/11\/conversa-com-o-reitor-13_11_2020_mixagem.mp3\">https:\/\/www.uninter.com\/radio\/wp-content\/uploads\/2020\/11\/conversa-com-o-reitor-13_11_2020_mixagem.mp3<\/a><\/audio>\n","protected":false},"excerpt":{"rendered":"<p>Casal de septuagen\u00e1rios se forma em Teologia pela Uninter. Na edi\u00e7\u00e3o do Programa Conversa com&#8230;<\/p>\n","protected":false},"author":3,"featured_media":30517,"comment_status":"open","ping_status":"open","sticky":false,"template":"","format":"standard","meta":[],"categories":[2724],"tags":[],"_links":{"self":[{"href":"https:\/\/www.uninter.com\/radio\/wp-json\/wp\/v2\/posts\/30279"}],"collection":[{"href":"https:\/\/www.uninter.com\/radio\/wp-json\/wp\/v2\/posts"}],"about":[{"href":"https:\/\/www.uninter.com\/radio\/wp-json\/wp\/v2\/types\/post"}],"author":[{"embeddable":true,"href":"https:\/\/www.uninter.com\/radio\/wp-json\/wp\/v2\/users\/3"}],"replies":[{"embeddable":true,"href":"https:\/\/www.uninter.com\/radio\/wp-json\/wp\/v2\/comments?post=30279"}],"version-history":[{"count":1,"href":"https:\/\/www.uninter.com\/radio\/wp-json\/wp\/v2\/posts\/30279\/revisions"}],"predecessor-version":[{"id":30281,"href":"https:\/\/www.uninter.com\/radio\/wp-json\/wp\/v2\/posts\/30279\/revisions\/30281"}],"wp:featuredmedia":[{"embeddable":true,"href":"https:\/\/www.uninter.com\/radio\/wp-json\/wp\/v2\/media\/30517"}],"wp:attachment":[{"href":"https:\/\/www.uninter.com\/radio\/wp-json\/wp\/v2\/media?parent=30279"}],"wp:term":[{"taxonomy":"category","embeddable":true,"href":"https:\/\/www.uninter.com\/radio\/wp-json\/wp\/v2\/categories?post=30279"},{"taxonomy":"post_tag","embeddable":true,"href":"https:\/\/www.uninter.com\/radio\/wp-json\/wp\/v2\/tags?post=30279"}],"curies":[{"name":"wp","href":"https:\/\/api.w.org\/{rel}","templated":true}]}}