{"id":30270,"date":"2020-11-20T15:54:23","date_gmt":"2020-11-20T18:54:23","guid":{"rendered":"https:\/\/www.uninter.com\/radio\/?p=30270"},"modified":"2020-11-20T15:54:23","modified_gmt":"2020-11-20T18:54:23","slug":"chave-interdisciplinar-24","status":"publish","type":"post","link":"https:\/\/www.uninter.com\/radio\/chave-interdisciplinar-24","title":{"rendered":"Chave Interdisciplinar #24"},"content":{"rendered":"<div dir=\"auto\">Nesta edi\u00e7\u00e3o do programa Chave Interdisciplinar o tema \u00e9 Hist\u00f3ria P\u00fablica: a atua\u00e7\u00e3o do historiador fora da academia. Para falar sobre isso recebemos os professores Gladisson Costa, Mariana Trevisan e Deisily de Quadros.<\/div>\n<div dir=\"auto\">Acompanhe!<\/div>\n<!--[if lt IE 9]><script>document.createElement('audio');<\/script><![endif]-->\n<audio class=\"wp-audio-shortcode\" id=\"audio-30270-1\" preload=\"none\" style=\"width: 100%;\" controls=\"controls\"><source type=\"audio\/mpeg\" src=\"https:\/\/www.uninter.com\/radio\/wp-content\/uploads\/2020\/11\/chave-12_11_2020_mixagem.mp3?_=1\" \/><a href=\"https:\/\/www.uninter.com\/radio\/wp-content\/uploads\/2020\/11\/chave-12_11_2020_mixagem.mp3\">https:\/\/www.uninter.com\/radio\/wp-content\/uploads\/2020\/11\/chave-12_11_2020_mixagem.mp3<\/a><\/audio>\n","protected":false},"excerpt":{"rendered":"<p>Nesta edi\u00e7\u00e3o do programa Chave Interdisciplinar o tema \u00e9 Hist\u00f3ria P\u00fablica: a atua\u00e7\u00e3o do historiador&#8230;<\/p>\n","protected":false},"author":3,"featured_media":30514,"comment_status":"open","ping_status":"open","sticky":false,"template":"","format":"standard","meta":[],"categories":[2735],"tags":[],"_links":{"self":[{"href":"https:\/\/www.uninter.com\/radio\/wp-json\/wp\/v2\/posts\/30270"}],"collection":[{"href":"https:\/\/www.uninter.com\/radio\/wp-json\/wp\/v2\/posts"}],"about":[{"href":"https:\/\/www.uninter.com\/radio\/wp-json\/wp\/v2\/types\/post"}],"author":[{"embeddable":true,"href":"https:\/\/www.uninter.com\/radio\/wp-json\/wp\/v2\/users\/3"}],"replies":[{"embeddable":true,"href":"https:\/\/www.uninter.com\/radio\/wp-json\/wp\/v2\/comments?post=30270"}],"version-history":[{"count":1,"href":"https:\/\/www.uninter.com\/radio\/wp-json\/wp\/v2\/posts\/30270\/revisions"}],"predecessor-version":[{"id":30272,"href":"https:\/\/www.uninter.com\/radio\/wp-json\/wp\/v2\/posts\/30270\/revisions\/30272"}],"wp:featuredmedia":[{"embeddable":true,"href":"https:\/\/www.uninter.com\/radio\/wp-json\/wp\/v2\/media\/30514"}],"wp:attachment":[{"href":"https:\/\/www.uninter.com\/radio\/wp-json\/wp\/v2\/media?parent=30270"}],"wp:term":[{"taxonomy":"category","embeddable":true,"href":"https:\/\/www.uninter.com\/radio\/wp-json\/wp\/v2\/categories?post=30270"},{"taxonomy":"post_tag","embeddable":true,"href":"https:\/\/www.uninter.com\/radio\/wp-json\/wp\/v2\/tags?post=30270"}],"curies":[{"name":"wp","href":"https:\/\/api.w.org\/{rel}","templated":true}]}}