{"id":30228,"date":"2020-11-18T12:48:05","date_gmt":"2020-11-18T15:48:05","guid":{"rendered":"https:\/\/www.uninter.com\/radio\/?p=30228"},"modified":"2020-11-18T12:48:05","modified_gmt":"2020-11-18T15:48:05","slug":"inclusao-em-rede-22","status":"publish","type":"post","link":"https:\/\/www.uninter.com\/radio\/inclusao-em-rede-22","title":{"rendered":"Inclus\u00e3o em Rede #22"},"content":{"rendered":"<p>O Inclus\u00e3o em Rede de hoje faz uma conversa sobre &#8220;a educa\u00e7\u00e3o de surdos e libras, l\u00edngua brasileira de sinais&#8221;. Para isso, recebemos o especialista na \u00e1rea da surdez, Marco Arriens. Acompanhe.<\/p>\n<!--[if lt IE 9]><script>document.createElement('audio');<\/script><![endif]-->\n<audio class=\"wp-audio-shortcode\" id=\"audio-30228-1\" preload=\"none\" style=\"width: 100%;\" controls=\"controls\"><source type=\"audio\/mpeg\" src=\"https:\/\/www.uninter.com\/radio\/wp-content\/uploads\/2020\/11\/inclus\u00e3o-em-rede-06_11_2020_mixagem.mp3?_=1\" \/><a href=\"https:\/\/www.uninter.com\/radio\/wp-content\/uploads\/2020\/11\/inclus\u00e3o-em-rede-06_11_2020_mixagem.mp3\">https:\/\/www.uninter.com\/radio\/wp-content\/uploads\/2020\/11\/inclus\u00e3o-em-rede-06_11_2020_mixagem.mp3<\/a><\/audio>\n","protected":false},"excerpt":{"rendered":"<p>O Inclus\u00e3o em Rede de hoje faz uma conversa sobre &#8220;a educa\u00e7\u00e3o de surdos e&#8230;<\/p>\n","protected":false},"author":3,"featured_media":30530,"comment_status":"open","ping_status":"open","sticky":false,"template":"","format":"standard","meta":[],"categories":[2727],"tags":[],"_links":{"self":[{"href":"https:\/\/www.uninter.com\/radio\/wp-json\/wp\/v2\/posts\/30228"}],"collection":[{"href":"https:\/\/www.uninter.com\/radio\/wp-json\/wp\/v2\/posts"}],"about":[{"href":"https:\/\/www.uninter.com\/radio\/wp-json\/wp\/v2\/types\/post"}],"author":[{"embeddable":true,"href":"https:\/\/www.uninter.com\/radio\/wp-json\/wp\/v2\/users\/3"}],"replies":[{"embeddable":true,"href":"https:\/\/www.uninter.com\/radio\/wp-json\/wp\/v2\/comments?post=30228"}],"version-history":[{"count":1,"href":"https:\/\/www.uninter.com\/radio\/wp-json\/wp\/v2\/posts\/30228\/revisions"}],"predecessor-version":[{"id":30230,"href":"https:\/\/www.uninter.com\/radio\/wp-json\/wp\/v2\/posts\/30228\/revisions\/30230"}],"wp:featuredmedia":[{"embeddable":true,"href":"https:\/\/www.uninter.com\/radio\/wp-json\/wp\/v2\/media\/30530"}],"wp:attachment":[{"href":"https:\/\/www.uninter.com\/radio\/wp-json\/wp\/v2\/media?parent=30228"}],"wp:term":[{"taxonomy":"category","embeddable":true,"href":"https:\/\/www.uninter.com\/radio\/wp-json\/wp\/v2\/categories?post=30228"},{"taxonomy":"post_tag","embeddable":true,"href":"https:\/\/www.uninter.com\/radio\/wp-json\/wp\/v2\/tags?post=30228"}],"curies":[{"name":"wp","href":"https:\/\/api.w.org\/{rel}","templated":true}]}}