{"id":30207,"date":"2020-11-18T12:25:46","date_gmt":"2020-11-18T15:25:46","guid":{"rendered":"https:\/\/www.uninter.com\/radio\/?p=30207"},"modified":"2020-11-18T12:25:46","modified_gmt":"2020-11-18T15:25:46","slug":"nosso-rock-27-banda-mordida","status":"publish","type":"post","link":"https:\/\/www.uninter.com\/radio\/nosso-rock-27-banda-mordida","title":{"rendered":"Nosso Rock #27 &#8211; Banda Mordida"},"content":{"rendered":"<p>Neste epis\u00f3dio do Nosso Rock voc\u00ea confere uma entrevista com Paulo de Nadal, da banda Mordida. Ele fala da historia da banda e tamb\u00e9m da cena curitibana. Acompanhe!<\/p>\n<!--[if lt IE 9]><script>document.createElement('audio');<\/script><![endif]-->\n<audio class=\"wp-audio-shortcode\" id=\"audio-30207-1\" preload=\"none\" style=\"width: 100%;\" controls=\"controls\"><source type=\"audio\/mpeg\" src=\"https:\/\/www.uninter.com\/radio\/wp-content\/uploads\/2020\/11\/audio-04-11-20.mp3?_=1\" \/><a href=\"https:\/\/www.uninter.com\/radio\/wp-content\/uploads\/2020\/11\/audio-04-11-20.mp3\">https:\/\/www.uninter.com\/radio\/wp-content\/uploads\/2020\/11\/audio-04-11-20.mp3<\/a><\/audio>\n","protected":false},"excerpt":{"rendered":"<p>Neste epis\u00f3dio do Nosso Rock voc\u00ea confere uma entrevista com Paulo de Nadal, da banda&#8230;<\/p>\n","protected":false},"author":3,"featured_media":30538,"comment_status":"open","ping_status":"open","sticky":false,"template":"","format":"standard","meta":[],"categories":[2749],"tags":[],"_links":{"self":[{"href":"https:\/\/www.uninter.com\/radio\/wp-json\/wp\/v2\/posts\/30207"}],"collection":[{"href":"https:\/\/www.uninter.com\/radio\/wp-json\/wp\/v2\/posts"}],"about":[{"href":"https:\/\/www.uninter.com\/radio\/wp-json\/wp\/v2\/types\/post"}],"author":[{"embeddable":true,"href":"https:\/\/www.uninter.com\/radio\/wp-json\/wp\/v2\/users\/3"}],"replies":[{"embeddable":true,"href":"https:\/\/www.uninter.com\/radio\/wp-json\/wp\/v2\/comments?post=30207"}],"version-history":[{"count":1,"href":"https:\/\/www.uninter.com\/radio\/wp-json\/wp\/v2\/posts\/30207\/revisions"}],"predecessor-version":[{"id":30208,"href":"https:\/\/www.uninter.com\/radio\/wp-json\/wp\/v2\/posts\/30207\/revisions\/30208"}],"wp:featuredmedia":[{"embeddable":true,"href":"https:\/\/www.uninter.com\/radio\/wp-json\/wp\/v2\/media\/30538"}],"wp:attachment":[{"href":"https:\/\/www.uninter.com\/radio\/wp-json\/wp\/v2\/media?parent=30207"}],"wp:term":[{"taxonomy":"category","embeddable":true,"href":"https:\/\/www.uninter.com\/radio\/wp-json\/wp\/v2\/categories?post=30207"},{"taxonomy":"post_tag","embeddable":true,"href":"https:\/\/www.uninter.com\/radio\/wp-json\/wp\/v2\/tags?post=30207"}],"curies":[{"name":"wp","href":"https:\/\/api.w.org\/{rel}","templated":true}]}}