{"id":30006,"date":"2020-10-22T17:48:53","date_gmt":"2020-10-22T20:48:53","guid":{"rendered":"https:\/\/www.uninter.com\/radio\/?p=30006"},"modified":"2020-10-22T17:48:53","modified_gmt":"2020-10-22T20:48:53","slug":"conversa-com-o-reitor-27","status":"publish","type":"post","link":"https:\/\/www.uninter.com\/radio\/conversa-com-o-reitor-27","title":{"rendered":"Conversa com o Reitor #27"},"content":{"rendered":"<p>Conhe\u00e7a a hist\u00f3ria de Arthur Silva Ara\u00fajo, Mestrando em Educa\u00e7\u00e3o e Novas Tecnologias da Uninter, que tem apenas 23 anos. \u00c9 egresso de Filosofia no Centro Universit\u00e1rio Internacional Uninter. O estudante j\u00e1 fez interc\u00e2mbio no Canad\u00e1, realizou pesquisas sobre o interc\u00e2mbio estudantil. Al\u00e9m disso, tornou-se recentemente orientador educacional no polo da Uninter do bairro Uberaba, em Curitiba (PR). Ademir Mendes, professor do Mestrado em Educa\u00e7\u00e3o e Novas Tecnologias acompanhou desenvolvimento do estudante e tamb\u00e9m participa da entrevista.<\/p>\n<!--[if lt IE 9]><script>document.createElement('audio');<\/script><![endif]-->\n<audio class=\"wp-audio-shortcode\" id=\"audio-30006-1\" preload=\"none\" style=\"width: 100%;\" controls=\"controls\"><source type=\"audio\/mpeg\" src=\"https:\/\/www.uninter.com\/radio\/wp-content\/uploads\/2020\/10\/conversa-com-o-reitor-09_10_2020_mixagem.mp3?_=1\" \/><a href=\"https:\/\/www.uninter.com\/radio\/wp-content\/uploads\/2020\/10\/conversa-com-o-reitor-09_10_2020_mixagem.mp3\">https:\/\/www.uninter.com\/radio\/wp-content\/uploads\/2020\/10\/conversa-com-o-reitor-09_10_2020_mixagem.mp3<\/a><\/audio>\n","protected":false},"excerpt":{"rendered":"<p>Conhe\u00e7a a hist\u00f3ria de Arthur Silva Ara\u00fajo, Mestrando em Educa\u00e7\u00e3o e Novas Tecnologias da Uninter,&#8230;<\/p>\n","protected":false},"author":3,"featured_media":30517,"comment_status":"open","ping_status":"open","sticky":false,"template":"","format":"standard","meta":[],"categories":[2724],"tags":[],"_links":{"self":[{"href":"https:\/\/www.uninter.com\/radio\/wp-json\/wp\/v2\/posts\/30006"}],"collection":[{"href":"https:\/\/www.uninter.com\/radio\/wp-json\/wp\/v2\/posts"}],"about":[{"href":"https:\/\/www.uninter.com\/radio\/wp-json\/wp\/v2\/types\/post"}],"author":[{"embeddable":true,"href":"https:\/\/www.uninter.com\/radio\/wp-json\/wp\/v2\/users\/3"}],"replies":[{"embeddable":true,"href":"https:\/\/www.uninter.com\/radio\/wp-json\/wp\/v2\/comments?post=30006"}],"version-history":[{"count":1,"href":"https:\/\/www.uninter.com\/radio\/wp-json\/wp\/v2\/posts\/30006\/revisions"}],"predecessor-version":[{"id":30008,"href":"https:\/\/www.uninter.com\/radio\/wp-json\/wp\/v2\/posts\/30006\/revisions\/30008"}],"wp:featuredmedia":[{"embeddable":true,"href":"https:\/\/www.uninter.com\/radio\/wp-json\/wp\/v2\/media\/30517"}],"wp:attachment":[{"href":"https:\/\/www.uninter.com\/radio\/wp-json\/wp\/v2\/media?parent=30006"}],"wp:term":[{"taxonomy":"category","embeddable":true,"href":"https:\/\/www.uninter.com\/radio\/wp-json\/wp\/v2\/categories?post=30006"},{"taxonomy":"post_tag","embeddable":true,"href":"https:\/\/www.uninter.com\/radio\/wp-json\/wp\/v2\/tags?post=30006"}],"curies":[{"name":"wp","href":"https:\/\/api.w.org\/{rel}","templated":true}]}}