{"id":29810,"date":"2020-09-22T10:47:35","date_gmt":"2020-09-22T13:47:35","guid":{"rendered":"https:\/\/www.uninter.com\/radio\/?p=29810"},"modified":"2020-09-22T10:47:35","modified_gmt":"2020-09-22T13:47:35","slug":"memoria-viva-30","status":"publish","type":"post","link":"https:\/\/www.uninter.com\/radio\/memoria-viva-30","title":{"rendered":"Mem\u00f3ria Viva #30"},"content":{"rendered":"<p>Nesta edi\u00e7\u00e3o do programa Mem\u00f3ria Viva voc\u00ea conhece a hist\u00f3ria da Diene Eire dos Santos Carneiro, gestora do polo de Maring\u00e1 (PR). Acompanhe.<\/p>\n<!--[if lt IE 9]><script>document.createElement('audio');<\/script><![endif]-->\n<audio class=\"wp-audio-shortcode\" id=\"audio-29810-1\" preload=\"none\" style=\"width: 100%;\" controls=\"controls\"><source type=\"audio\/mpeg\" src=\"https:\/\/www.uninter.com\/radio\/wp-content\/uploads\/2020\/09\/memoria-viva-17_09_2020_mixagem.mp3?_=1\" \/><a href=\"https:\/\/www.uninter.com\/radio\/wp-content\/uploads\/2020\/09\/memoria-viva-17_09_2020_mixagem.mp3\">https:\/\/www.uninter.com\/radio\/wp-content\/uploads\/2020\/09\/memoria-viva-17_09_2020_mixagem.mp3<\/a><\/audio>\n","protected":false},"excerpt":{"rendered":"<p>Nesta edi\u00e7\u00e3o do programa Mem\u00f3ria Viva voc\u00ea conhece a hist\u00f3ria da Diene Eire dos Santos&#8230;<\/p>\n","protected":false},"author":3,"featured_media":30533,"comment_status":"open","ping_status":"open","sticky":false,"template":"","format":"standard","meta":[],"categories":[2712],"tags":[],"_links":{"self":[{"href":"https:\/\/www.uninter.com\/radio\/wp-json\/wp\/v2\/posts\/29810"}],"collection":[{"href":"https:\/\/www.uninter.com\/radio\/wp-json\/wp\/v2\/posts"}],"about":[{"href":"https:\/\/www.uninter.com\/radio\/wp-json\/wp\/v2\/types\/post"}],"author":[{"embeddable":true,"href":"https:\/\/www.uninter.com\/radio\/wp-json\/wp\/v2\/users\/3"}],"replies":[{"embeddable":true,"href":"https:\/\/www.uninter.com\/radio\/wp-json\/wp\/v2\/comments?post=29810"}],"version-history":[{"count":1,"href":"https:\/\/www.uninter.com\/radio\/wp-json\/wp\/v2\/posts\/29810\/revisions"}],"predecessor-version":[{"id":29812,"href":"https:\/\/www.uninter.com\/radio\/wp-json\/wp\/v2\/posts\/29810\/revisions\/29812"}],"wp:featuredmedia":[{"embeddable":true,"href":"https:\/\/www.uninter.com\/radio\/wp-json\/wp\/v2\/media\/30533"}],"wp:attachment":[{"href":"https:\/\/www.uninter.com\/radio\/wp-json\/wp\/v2\/media?parent=29810"}],"wp:term":[{"taxonomy":"category","embeddable":true,"href":"https:\/\/www.uninter.com\/radio\/wp-json\/wp\/v2\/categories?post=29810"},{"taxonomy":"post_tag","embeddable":true,"href":"https:\/\/www.uninter.com\/radio\/wp-json\/wp\/v2\/tags?post=29810"}],"curies":[{"name":"wp","href":"https:\/\/api.w.org\/{rel}","templated":true}]}}