{"id":29757,"date":"2020-09-15T16:51:06","date_gmt":"2020-09-15T19:51:06","guid":{"rendered":"https:\/\/www.uninter.com\/radio\/?p=29757"},"modified":"2020-09-15T16:51:06","modified_gmt":"2020-09-15T19:51:06","slug":"conversa-com-o-reitor-23","status":"publish","type":"post","link":"https:\/\/www.uninter.com\/radio\/conversa-com-o-reitor-23","title":{"rendered":"Conversa com o Reitor #23"},"content":{"rendered":"<p>Nesta edi\u00e7\u00e3o do Programa Conversa com o reitor voc\u00ea ir\u00e1 conhecer mais alunos que participaram da campanha\u00a0#1 minuto de talento: Cintia Carla de Jesus &#8211; Educa\u00e7\u00e3o F\u00edsica (Serra-ES), Meire Defante &#8211; egressa de Filosofia (Volta Redonda-RJ) e Rodrigo Bonfim &#8211; Educa\u00e7\u00e3o F\u00edsica (Navegantes-SC). Acompanhe!<\/p>\n<!--[if lt IE 9]><script>document.createElement('audio');<\/script><![endif]-->\n<audio class=\"wp-audio-shortcode\" id=\"audio-29757-1\" preload=\"none\" style=\"width: 100%;\" controls=\"controls\"><source type=\"audio\/mpeg\" src=\"https:\/\/www.uninter.com\/radio\/wp-content\/uploads\/2020\/09\/conversa-com-o-reitor-11_09_2020_mixagem.mp3?_=1\" \/><a href=\"https:\/\/www.uninter.com\/radio\/wp-content\/uploads\/2020\/09\/conversa-com-o-reitor-11_09_2020_mixagem.mp3\">https:\/\/www.uninter.com\/radio\/wp-content\/uploads\/2020\/09\/conversa-com-o-reitor-11_09_2020_mixagem.mp3<\/a><\/audio>\n","protected":false},"excerpt":{"rendered":"<p>Nesta edi\u00e7\u00e3o do Programa Conversa com o reitor voc\u00ea ir\u00e1 conhecer mais alunos que participaram&#8230;<\/p>\n","protected":false},"author":3,"featured_media":30517,"comment_status":"open","ping_status":"open","sticky":false,"template":"","format":"standard","meta":[],"categories":[2724],"tags":[],"_links":{"self":[{"href":"https:\/\/www.uninter.com\/radio\/wp-json\/wp\/v2\/posts\/29757"}],"collection":[{"href":"https:\/\/www.uninter.com\/radio\/wp-json\/wp\/v2\/posts"}],"about":[{"href":"https:\/\/www.uninter.com\/radio\/wp-json\/wp\/v2\/types\/post"}],"author":[{"embeddable":true,"href":"https:\/\/www.uninter.com\/radio\/wp-json\/wp\/v2\/users\/3"}],"replies":[{"embeddable":true,"href":"https:\/\/www.uninter.com\/radio\/wp-json\/wp\/v2\/comments?post=29757"}],"version-history":[{"count":1,"href":"https:\/\/www.uninter.com\/radio\/wp-json\/wp\/v2\/posts\/29757\/revisions"}],"predecessor-version":[{"id":29759,"href":"https:\/\/www.uninter.com\/radio\/wp-json\/wp\/v2\/posts\/29757\/revisions\/29759"}],"wp:featuredmedia":[{"embeddable":true,"href":"https:\/\/www.uninter.com\/radio\/wp-json\/wp\/v2\/media\/30517"}],"wp:attachment":[{"href":"https:\/\/www.uninter.com\/radio\/wp-json\/wp\/v2\/media?parent=29757"}],"wp:term":[{"taxonomy":"category","embeddable":true,"href":"https:\/\/www.uninter.com\/radio\/wp-json\/wp\/v2\/categories?post=29757"},{"taxonomy":"post_tag","embeddable":true,"href":"https:\/\/www.uninter.com\/radio\/wp-json\/wp\/v2\/tags?post=29757"}],"curies":[{"name":"wp","href":"https:\/\/api.w.org\/{rel}","templated":true}]}}