{"id":29665,"date":"2020-09-14T09:08:13","date_gmt":"2020-09-14T12:08:13","guid":{"rendered":"https:\/\/www.uninter.com\/radio\/?p=29665"},"modified":"2021-05-21T17:07:32","modified_gmt":"2021-05-21T20:07:32","slug":"uninter-informa-12","status":"publish","type":"post","link":"https:\/\/www.uninter.com\/radio\/uninter-informa-12","title":{"rendered":"Uninter Informa #12"},"content":{"rendered":"<!--[if lt IE 9]><script>document.createElement('audio');<\/script><![endif]-->\n<audio class=\"wp-audio-shortcode\" id=\"audio-29665-1\" preload=\"none\" style=\"width: 100%;\" controls=\"controls\"><source type=\"audio\/mpeg\" src=\"https:\/\/www.uninter.com\/radio\/wp-content\/uploads\/2020\/09\/Uninter-Informa-11-de-setembrp-online-audio-converter.com_.mp3?_=1\" \/><a href=\"https:\/\/www.uninter.com\/radio\/wp-content\/uploads\/2020\/09\/Uninter-Informa-11-de-setembrp-online-audio-converter.com_.mp3\">https:\/\/www.uninter.com\/radio\/wp-content\/uploads\/2020\/09\/Uninter-Informa-11-de-setembrp-online-audio-converter.com_.mp3<\/a><\/audio>\n<p>O programa dessa semana destaca a import\u00e2ncia do pr\u00e9-natal para as gestantes.\u00a0Em outra reportagem, a estudante Fernanda Guedes traz informa\u00e7\u00f5es sobre a falta de acessibilidade e inclus\u00e3o para pessoas com defici\u00eancia auditiva.\u00a0O programa exibe ainda \u201cAgenda Cultural\u201d, &#8220;Previs\u00e3o do Tempo&#8221; e &#8220;Notas de Servi\u00e7o&#8221;. Lembrando que em decorr\u00eancia da quarentena, o programa tem sido realizado a dist\u00e2ncia pelos alunos do curso de jornalismo da Uninter. Confira.<\/p>\n","protected":false},"excerpt":{"rendered":"<p>O programa dessa semana destaca a import\u00e2ncia do pr\u00e9-natal para as gestantes.\u00a0Em outra reportagem, a&#8230;<\/p>\n","protected":false},"author":3,"featured_media":30580,"comment_status":"open","ping_status":"open","sticky":false,"template":"","format":"standard","meta":[],"categories":[2747],"tags":[],"_links":{"self":[{"href":"https:\/\/www.uninter.com\/radio\/wp-json\/wp\/v2\/posts\/29665"}],"collection":[{"href":"https:\/\/www.uninter.com\/radio\/wp-json\/wp\/v2\/posts"}],"about":[{"href":"https:\/\/www.uninter.com\/radio\/wp-json\/wp\/v2\/types\/post"}],"author":[{"embeddable":true,"href":"https:\/\/www.uninter.com\/radio\/wp-json\/wp\/v2\/users\/3"}],"replies":[{"embeddable":true,"href":"https:\/\/www.uninter.com\/radio\/wp-json\/wp\/v2\/comments?post=29665"}],"version-history":[{"count":1,"href":"https:\/\/www.uninter.com\/radio\/wp-json\/wp\/v2\/posts\/29665\/revisions"}],"predecessor-version":[{"id":29667,"href":"https:\/\/www.uninter.com\/radio\/wp-json\/wp\/v2\/posts\/29665\/revisions\/29667"}],"wp:featuredmedia":[{"embeddable":true,"href":"https:\/\/www.uninter.com\/radio\/wp-json\/wp\/v2\/media\/30580"}],"wp:attachment":[{"href":"https:\/\/www.uninter.com\/radio\/wp-json\/wp\/v2\/media?parent=29665"}],"wp:term":[{"taxonomy":"category","embeddable":true,"href":"https:\/\/www.uninter.com\/radio\/wp-json\/wp\/v2\/categories?post=29665"},{"taxonomy":"post_tag","embeddable":true,"href":"https:\/\/www.uninter.com\/radio\/wp-json\/wp\/v2\/tags?post=29665"}],"curies":[{"name":"wp","href":"https:\/\/api.w.org\/{rel}","templated":true}]}}