{"id":29655,"date":"2020-09-03T10:35:55","date_gmt":"2020-09-03T13:35:55","guid":{"rendered":"https:\/\/www.uninter.com\/radio\/?p=29655"},"modified":"2021-05-21T17:06:54","modified_gmt":"2021-05-21T20:06:54","slug":"uninter-informa-10","status":"publish","type":"post","link":"https:\/\/www.uninter.com\/radio\/uninter-informa-10","title":{"rendered":"Uninter Informa #10"},"content":{"rendered":"<p>O Uninter Informa destaca a adapta\u00e7\u00e3o\u00a0que os profissionais e adeptos de atividades f\u00edsicas\u00a0precisaram fazer\u00a0para continuar a se exercitar.\u00a0<span class=\"color_2\">O programa traz ainda uma reportagem sobre a \u00e1rea da sa\u00fade coletiva, que tem ganhado relev\u00e2ncia nesse momento de pandemia.<\/span><span class=\"color_2\">\u00a0E mais, Seu Miro, personagem que aborda fake news, Previs\u00e3o do Tempo, Notas de servi\u00e7os e Notas do Media\u00e7\u00e3o. Acompanhe.<\/span><\/p>\n<!--[if lt IE 9]><script>document.createElement('audio');<\/script><![endif]-->\n<audio class=\"wp-audio-shortcode\" id=\"audio-29655-1\" preload=\"none\" style=\"width: 100%;\" controls=\"controls\"><source type=\"audio\/mpeg\" src=\"https:\/\/www.uninter.com\/radio\/wp-content\/uploads\/2020\/09\/UI-14-de-agosto-2020-edi\u00e7\u00e3o-corrigida-online-audio-converter.com_.mp3?_=1\" \/><a href=\"https:\/\/www.uninter.com\/radio\/wp-content\/uploads\/2020\/09\/UI-14-de-agosto-2020-edi\u00e7\u00e3o-corrigida-online-audio-converter.com_.mp3\">https:\/\/www.uninter.com\/radio\/wp-content\/uploads\/2020\/09\/UI-14-de-agosto-2020-edi\u00e7\u00e3o-corrigida-online-audio-converter.com_.mp3<\/a><\/audio>\n","protected":false},"excerpt":{"rendered":"<p>O Uninter Informa destaca a adapta\u00e7\u00e3o\u00a0que os profissionais e adeptos de atividades f\u00edsicas\u00a0precisaram fazer\u00a0para continuar&#8230;<\/p>\n","protected":false},"author":3,"featured_media":30580,"comment_status":"open","ping_status":"open","sticky":false,"template":"","format":"standard","meta":[],"categories":[2747],"tags":[],"_links":{"self":[{"href":"https:\/\/www.uninter.com\/radio\/wp-json\/wp\/v2\/posts\/29655"}],"collection":[{"href":"https:\/\/www.uninter.com\/radio\/wp-json\/wp\/v2\/posts"}],"about":[{"href":"https:\/\/www.uninter.com\/radio\/wp-json\/wp\/v2\/types\/post"}],"author":[{"embeddable":true,"href":"https:\/\/www.uninter.com\/radio\/wp-json\/wp\/v2\/users\/3"}],"replies":[{"embeddable":true,"href":"https:\/\/www.uninter.com\/radio\/wp-json\/wp\/v2\/comments?post=29655"}],"version-history":[{"count":1,"href":"https:\/\/www.uninter.com\/radio\/wp-json\/wp\/v2\/posts\/29655\/revisions"}],"predecessor-version":[{"id":29657,"href":"https:\/\/www.uninter.com\/radio\/wp-json\/wp\/v2\/posts\/29655\/revisions\/29657"}],"wp:featuredmedia":[{"embeddable":true,"href":"https:\/\/www.uninter.com\/radio\/wp-json\/wp\/v2\/media\/30580"}],"wp:attachment":[{"href":"https:\/\/www.uninter.com\/radio\/wp-json\/wp\/v2\/media?parent=29655"}],"wp:term":[{"taxonomy":"category","embeddable":true,"href":"https:\/\/www.uninter.com\/radio\/wp-json\/wp\/v2\/categories?post=29655"},{"taxonomy":"post_tag","embeddable":true,"href":"https:\/\/www.uninter.com\/radio\/wp-json\/wp\/v2\/tags?post=29655"}],"curies":[{"name":"wp","href":"https:\/\/api.w.org\/{rel}","templated":true}]}}