{"id":29649,"date":"2020-09-03T09:56:49","date_gmt":"2020-09-03T12:56:49","guid":{"rendered":"https:\/\/www.uninter.com\/radio\/?p=29649"},"modified":"2020-09-03T09:56:49","modified_gmt":"2020-09-03T12:56:49","slug":"inclusao-em-rede-13","status":"publish","type":"post","link":"https:\/\/www.uninter.com\/radio\/inclusao-em-rede-13","title":{"rendered":"Inclus\u00e3o em Rede #13"},"content":{"rendered":"<p>Neste epis\u00f3dio do Inclus\u00e3o em Rede falamos sobre como funciona a sele\u00e7\u00e3o de talentos em grandes empresas para as pessoas com defici\u00eancia. Acompanhe.<\/p>\n<!--[if lt IE 9]><script>document.createElement('audio');<\/script><![endif]-->\n<audio class=\"wp-audio-shortcode\" id=\"audio-29649-1\" preload=\"none\" style=\"width: 100%;\" controls=\"controls\"><source type=\"audio\/mpeg\" src=\"https:\/\/www.uninter.com\/radio\/wp-content\/uploads\/2020\/09\/inclus\u00e3o-em-rede-28_08_2020_mixagem.mp3?_=1\" \/><a href=\"https:\/\/www.uninter.com\/radio\/wp-content\/uploads\/2020\/09\/inclus\u00e3o-em-rede-28_08_2020_mixagem.mp3\">https:\/\/www.uninter.com\/radio\/wp-content\/uploads\/2020\/09\/inclus\u00e3o-em-rede-28_08_2020_mixagem.mp3<\/a><\/audio>\n","protected":false},"excerpt":{"rendered":"<p>Neste epis\u00f3dio do Inclus\u00e3o em Rede falamos sobre como funciona a sele\u00e7\u00e3o de talentos em&#8230;<\/p>\n","protected":false},"author":3,"featured_media":30530,"comment_status":"open","ping_status":"open","sticky":false,"template":"","format":"standard","meta":[],"categories":[2727],"tags":[],"_links":{"self":[{"href":"https:\/\/www.uninter.com\/radio\/wp-json\/wp\/v2\/posts\/29649"}],"collection":[{"href":"https:\/\/www.uninter.com\/radio\/wp-json\/wp\/v2\/posts"}],"about":[{"href":"https:\/\/www.uninter.com\/radio\/wp-json\/wp\/v2\/types\/post"}],"author":[{"embeddable":true,"href":"https:\/\/www.uninter.com\/radio\/wp-json\/wp\/v2\/users\/3"}],"replies":[{"embeddable":true,"href":"https:\/\/www.uninter.com\/radio\/wp-json\/wp\/v2\/comments?post=29649"}],"version-history":[{"count":1,"href":"https:\/\/www.uninter.com\/radio\/wp-json\/wp\/v2\/posts\/29649\/revisions"}],"predecessor-version":[{"id":29651,"href":"https:\/\/www.uninter.com\/radio\/wp-json\/wp\/v2\/posts\/29649\/revisions\/29651"}],"wp:featuredmedia":[{"embeddable":true,"href":"https:\/\/www.uninter.com\/radio\/wp-json\/wp\/v2\/media\/30530"}],"wp:attachment":[{"href":"https:\/\/www.uninter.com\/radio\/wp-json\/wp\/v2\/media?parent=29649"}],"wp:term":[{"taxonomy":"category","embeddable":true,"href":"https:\/\/www.uninter.com\/radio\/wp-json\/wp\/v2\/categories?post=29649"},{"taxonomy":"post_tag","embeddable":true,"href":"https:\/\/www.uninter.com\/radio\/wp-json\/wp\/v2\/tags?post=29649"}],"curies":[{"name":"wp","href":"https:\/\/api.w.org\/{rel}","templated":true}]}}