{"id":29624,"date":"2020-09-02T11:55:58","date_gmt":"2020-09-02T14:55:58","guid":{"rendered":"https:\/\/www.uninter.com\/radio\/?p=29624"},"modified":"2020-09-22T10:28:22","modified_gmt":"2020-09-22T13:28:22","slug":"mundo-ciencia-e-tecnologia-13","status":"publish","type":"post","link":"https:\/\/www.uninter.com\/radio\/mundo-ciencia-e-tecnologia-13","title":{"rendered":"Mundo Ci\u00eancia &#038; Tecnologia #13"},"content":{"rendered":"<p>O programa Mundo Ci\u00eancia e Tecnologia fala sobre &#8220;as novas diretrizes curriculares nacionais para o curso de gradua\u00e7\u00e3o em engenharia&#8221;. Para isso, convidamos a Coordenadora do Col\u00e9gio de Institui\u00e7\u00f5es de Ensino do CREA-PR, Adriana Regina Tozzi. Acompanhe.<\/p>\n<!--[if lt IE 9]><script>document.createElement('audio');<\/script><![endif]-->\n<audio class=\"wp-audio-shortcode\" id=\"audio-29624-1\" preload=\"none\" style=\"width: 100%;\" controls=\"controls\"><source type=\"audio\/mpeg\" src=\"https:\/\/www.uninter.com\/radio\/wp-content\/uploads\/2020\/09\/mundo-26_08_2020_mixagem.mp3?_=1\" \/><a href=\"https:\/\/www.uninter.com\/radio\/wp-content\/uploads\/2020\/09\/mundo-26_08_2020_mixagem.mp3\">https:\/\/www.uninter.com\/radio\/wp-content\/uploads\/2020\/09\/mundo-26_08_2020_mixagem.mp3<\/a><\/audio>\n","protected":false},"excerpt":{"rendered":"<p>O programa Mundo Ci\u00eancia e Tecnologia fala sobre &#8220;as novas diretrizes curriculares nacionais para o&#8230;<\/p>\n","protected":false},"author":3,"featured_media":30535,"comment_status":"open","ping_status":"open","sticky":false,"template":"","format":"standard","meta":[],"categories":[2714],"tags":[],"_links":{"self":[{"href":"https:\/\/www.uninter.com\/radio\/wp-json\/wp\/v2\/posts\/29624"}],"collection":[{"href":"https:\/\/www.uninter.com\/radio\/wp-json\/wp\/v2\/posts"}],"about":[{"href":"https:\/\/www.uninter.com\/radio\/wp-json\/wp\/v2\/types\/post"}],"author":[{"embeddable":true,"href":"https:\/\/www.uninter.com\/radio\/wp-json\/wp\/v2\/users\/3"}],"replies":[{"embeddable":true,"href":"https:\/\/www.uninter.com\/radio\/wp-json\/wp\/v2\/comments?post=29624"}],"version-history":[{"count":2,"href":"https:\/\/www.uninter.com\/radio\/wp-json\/wp\/v2\/posts\/29624\/revisions"}],"predecessor-version":[{"id":29803,"href":"https:\/\/www.uninter.com\/radio\/wp-json\/wp\/v2\/posts\/29624\/revisions\/29803"}],"wp:featuredmedia":[{"embeddable":true,"href":"https:\/\/www.uninter.com\/radio\/wp-json\/wp\/v2\/media\/30535"}],"wp:attachment":[{"href":"https:\/\/www.uninter.com\/radio\/wp-json\/wp\/v2\/media?parent=29624"}],"wp:term":[{"taxonomy":"category","embeddable":true,"href":"https:\/\/www.uninter.com\/radio\/wp-json\/wp\/v2\/categories?post=29624"},{"taxonomy":"post_tag","embeddable":true,"href":"https:\/\/www.uninter.com\/radio\/wp-json\/wp\/v2\/tags?post=29624"}],"curies":[{"name":"wp","href":"https:\/\/api.w.org\/{rel}","templated":true}]}}