{"id":29527,"date":"2020-08-19T16:30:22","date_gmt":"2020-08-19T19:30:22","guid":{"rendered":"https:\/\/www.uninter.com\/radio\/?p=29527"},"modified":"2020-08-19T16:30:22","modified_gmt":"2020-08-19T19:30:22","slug":"conversa-com-o-reitor-21","status":"publish","type":"post","link":"https:\/\/www.uninter.com\/radio\/conversa-com-o-reitor-21","title":{"rendered":"Conversa com o Reitor #21"},"content":{"rendered":"<p>Nesta edi\u00e7\u00e3o do Conversa com o Reitor, continuamos a conhecer mais talentos pelo Brasil. Tr\u00eas alunos da Uninter que participaram da campanha\u00a0<a class=\"oajrlxb2 g5ia77u1 qu0x051f esr5mh6w e9989ue4 r7d6kgcz rq0escxv nhd2j8a9 nc684nl6 p7hjln8o kvgmc6g5 cxmmr5t8 oygrvhab hcukyx3x jb3vyjys rz4wbd8a qt6c0cv9 a8nywdso i1ao9s8h esuyzwwr f1sip0of lzcic4wl oo9gr5id gpro0wi8 lrazzd5p\" tabindex=\"0\" href=\"https:\/\/www.facebook.com\/hashtag\/1minutodetalento?__eep__=6&amp;__tn__=*NK-R\">#1minutodetalento<\/a>: Andreia Fernandes da Silva Lima (Ros\u00e1rio do Sul-RS), Nadja Hoyos Alexandre (Manaus-AM) e Wanderson Luiz Vieira da Silva (Balne\u00e1rio Cambori\u00fa-SC). Acompanhe!<\/p>\n<!--[if lt IE 9]><script>document.createElement('audio');<\/script><![endif]-->\n<audio class=\"wp-audio-shortcode\" id=\"audio-29527-1\" preload=\"none\" style=\"width: 100%;\" controls=\"controls\"><source type=\"audio\/mpeg\" src=\"https:\/\/www.uninter.com\/radio\/wp-content\/uploads\/2020\/08\/conversa-com-o-reitor-14_08_2020_mixagem.mp3?_=1\" \/><a href=\"https:\/\/www.uninter.com\/radio\/wp-content\/uploads\/2020\/08\/conversa-com-o-reitor-14_08_2020_mixagem.mp3\">https:\/\/www.uninter.com\/radio\/wp-content\/uploads\/2020\/08\/conversa-com-o-reitor-14_08_2020_mixagem.mp3<\/a><\/audio>\n","protected":false},"excerpt":{"rendered":"<p>Nesta edi\u00e7\u00e3o do Conversa com o Reitor, continuamos a conhecer mais talentos pelo Brasil. Tr\u00eas&#8230;<\/p>\n","protected":false},"author":3,"featured_media":30517,"comment_status":"open","ping_status":"open","sticky":false,"template":"","format":"standard","meta":[],"categories":[2724],"tags":[],"_links":{"self":[{"href":"https:\/\/www.uninter.com\/radio\/wp-json\/wp\/v2\/posts\/29527"}],"collection":[{"href":"https:\/\/www.uninter.com\/radio\/wp-json\/wp\/v2\/posts"}],"about":[{"href":"https:\/\/www.uninter.com\/radio\/wp-json\/wp\/v2\/types\/post"}],"author":[{"embeddable":true,"href":"https:\/\/www.uninter.com\/radio\/wp-json\/wp\/v2\/users\/3"}],"replies":[{"embeddable":true,"href":"https:\/\/www.uninter.com\/radio\/wp-json\/wp\/v2\/comments?post=29527"}],"version-history":[{"count":1,"href":"https:\/\/www.uninter.com\/radio\/wp-json\/wp\/v2\/posts\/29527\/revisions"}],"predecessor-version":[{"id":29529,"href":"https:\/\/www.uninter.com\/radio\/wp-json\/wp\/v2\/posts\/29527\/revisions\/29529"}],"wp:featuredmedia":[{"embeddable":true,"href":"https:\/\/www.uninter.com\/radio\/wp-json\/wp\/v2\/media\/30517"}],"wp:attachment":[{"href":"https:\/\/www.uninter.com\/radio\/wp-json\/wp\/v2\/media?parent=29527"}],"wp:term":[{"taxonomy":"category","embeddable":true,"href":"https:\/\/www.uninter.com\/radio\/wp-json\/wp\/v2\/categories?post=29527"},{"taxonomy":"post_tag","embeddable":true,"href":"https:\/\/www.uninter.com\/radio\/wp-json\/wp\/v2\/tags?post=29527"}],"curies":[{"name":"wp","href":"https:\/\/api.w.org\/{rel}","templated":true}]}}