{"id":29499,"date":"2020-08-19T10:57:23","date_gmt":"2020-08-19T13:57:23","guid":{"rendered":"https:\/\/www.uninter.com\/radio\/?p=29499"},"modified":"2020-08-19T10:57:23","modified_gmt":"2020-08-19T13:57:23","slug":"atualidades-da-educacao-12","status":"publish","type":"post","link":"https:\/\/www.uninter.com\/radio\/atualidades-da-educacao-12","title":{"rendered":"Atualidades da Educa\u00e7\u00e3o #12"},"content":{"rendered":"<p>Nesta edi\u00e7\u00e3o do programa\u00a0Atualidades da Educa\u00e7\u00e3o temos um bate-papo sobre pandemia e telemedicina, com Alvino Moser e Leandro Garcia, de Palmas-TO. Acompanhe.<\/p>\n<!--[if lt IE 9]><script>document.createElement('audio');<\/script><![endif]-->\n<audio class=\"wp-audio-shortcode\" id=\"audio-29499-1\" preload=\"none\" style=\"width: 100%;\" controls=\"controls\"><source type=\"audio\/mpeg\" src=\"https:\/\/www.uninter.com\/radio\/wp-content\/uploads\/2020\/08\/atualidades-da-educa\u00e7\u00e3o-11_08_2020_mixagem.mp3?_=1\" \/><a href=\"https:\/\/www.uninter.com\/radio\/wp-content\/uploads\/2020\/08\/atualidades-da-educa\u00e7\u00e3o-11_08_2020_mixagem.mp3\">https:\/\/www.uninter.com\/radio\/wp-content\/uploads\/2020\/08\/atualidades-da-educa\u00e7\u00e3o-11_08_2020_mixagem.mp3<\/a><\/audio>\n","protected":false},"excerpt":{"rendered":"<p>Nesta edi\u00e7\u00e3o do programa\u00a0Atualidades da Educa\u00e7\u00e3o temos um bate-papo sobre pandemia e telemedicina, com Alvino&#8230;<\/p>\n","protected":false},"author":3,"featured_media":30511,"comment_status":"open","ping_status":"open","sticky":false,"template":"","format":"standard","meta":[],"categories":[2760],"tags":[],"_links":{"self":[{"href":"https:\/\/www.uninter.com\/radio\/wp-json\/wp\/v2\/posts\/29499"}],"collection":[{"href":"https:\/\/www.uninter.com\/radio\/wp-json\/wp\/v2\/posts"}],"about":[{"href":"https:\/\/www.uninter.com\/radio\/wp-json\/wp\/v2\/types\/post"}],"author":[{"embeddable":true,"href":"https:\/\/www.uninter.com\/radio\/wp-json\/wp\/v2\/users\/3"}],"replies":[{"embeddable":true,"href":"https:\/\/www.uninter.com\/radio\/wp-json\/wp\/v2\/comments?post=29499"}],"version-history":[{"count":1,"href":"https:\/\/www.uninter.com\/radio\/wp-json\/wp\/v2\/posts\/29499\/revisions"}],"predecessor-version":[{"id":29501,"href":"https:\/\/www.uninter.com\/radio\/wp-json\/wp\/v2\/posts\/29499\/revisions\/29501"}],"wp:featuredmedia":[{"embeddable":true,"href":"https:\/\/www.uninter.com\/radio\/wp-json\/wp\/v2\/media\/30511"}],"wp:attachment":[{"href":"https:\/\/www.uninter.com\/radio\/wp-json\/wp\/v2\/media?parent=29499"}],"wp:term":[{"taxonomy":"category","embeddable":true,"href":"https:\/\/www.uninter.com\/radio\/wp-json\/wp\/v2\/categories?post=29499"},{"taxonomy":"post_tag","embeddable":true,"href":"https:\/\/www.uninter.com\/radio\/wp-json\/wp\/v2\/tags?post=29499"}],"curies":[{"name":"wp","href":"https:\/\/api.w.org\/{rel}","templated":true}]}}