{"id":29480,"date":"2020-08-14T11:30:41","date_gmt":"2020-08-14T14:30:41","guid":{"rendered":"https:\/\/www.uninter.com\/radio\/?p=29480"},"modified":"2020-08-14T11:30:41","modified_gmt":"2020-08-14T14:30:41","slug":"inclusao-em-rede-10","status":"publish","type":"post","link":"https:\/\/www.uninter.com\/radio\/inclusao-em-rede-10","title":{"rendered":"Inclus\u00e3o em Rede #10"},"content":{"rendered":"<p>No Inclus\u00e3o em Rede da vez, continuamos a debater quest\u00f5es sobre as pessoas defici\u00eancia visual, inclusive sobre o\u00a0Projeto de Lei 1615\/ 2019 &#8211; Classifica a vis\u00e3o monocular como defici\u00eancia sensorial, do tipo visual. Acompanhe.<\/p>\n<!--[if lt IE 9]><script>document.createElement('audio');<\/script><![endif]-->\n<audio class=\"wp-audio-shortcode\" id=\"audio-29480-1\" preload=\"none\" style=\"width: 100%;\" controls=\"controls\"><source type=\"audio\/mpeg\" src=\"https:\/\/www.uninter.com\/radio\/wp-content\/uploads\/2020\/08\/inclusao-em-rede-07_08_2020_mixagem.mp3?_=1\" \/><a href=\"https:\/\/www.uninter.com\/radio\/wp-content\/uploads\/2020\/08\/inclusao-em-rede-07_08_2020_mixagem.mp3\">https:\/\/www.uninter.com\/radio\/wp-content\/uploads\/2020\/08\/inclusao-em-rede-07_08_2020_mixagem.mp3<\/a><\/audio>\n","protected":false},"excerpt":{"rendered":"<p>No Inclus\u00e3o em Rede da vez, continuamos a debater quest\u00f5es sobre as pessoas defici\u00eancia visual,&#8230;<\/p>\n","protected":false},"author":3,"featured_media":30530,"comment_status":"open","ping_status":"open","sticky":false,"template":"","format":"standard","meta":[],"categories":[2727],"tags":[],"_links":{"self":[{"href":"https:\/\/www.uninter.com\/radio\/wp-json\/wp\/v2\/posts\/29480"}],"collection":[{"href":"https:\/\/www.uninter.com\/radio\/wp-json\/wp\/v2\/posts"}],"about":[{"href":"https:\/\/www.uninter.com\/radio\/wp-json\/wp\/v2\/types\/post"}],"author":[{"embeddable":true,"href":"https:\/\/www.uninter.com\/radio\/wp-json\/wp\/v2\/users\/3"}],"replies":[{"embeddable":true,"href":"https:\/\/www.uninter.com\/radio\/wp-json\/wp\/v2\/comments?post=29480"}],"version-history":[{"count":1,"href":"https:\/\/www.uninter.com\/radio\/wp-json\/wp\/v2\/posts\/29480\/revisions"}],"predecessor-version":[{"id":29482,"href":"https:\/\/www.uninter.com\/radio\/wp-json\/wp\/v2\/posts\/29480\/revisions\/29482"}],"wp:featuredmedia":[{"embeddable":true,"href":"https:\/\/www.uninter.com\/radio\/wp-json\/wp\/v2\/media\/30530"}],"wp:attachment":[{"href":"https:\/\/www.uninter.com\/radio\/wp-json\/wp\/v2\/media?parent=29480"}],"wp:term":[{"taxonomy":"category","embeddable":true,"href":"https:\/\/www.uninter.com\/radio\/wp-json\/wp\/v2\/categories?post=29480"},{"taxonomy":"post_tag","embeddable":true,"href":"https:\/\/www.uninter.com\/radio\/wp-json\/wp\/v2\/tags?post=29480"}],"curies":[{"name":"wp","href":"https:\/\/api.w.org\/{rel}","templated":true}]}}