{"id":29432,"date":"2020-08-10T17:34:16","date_gmt":"2020-08-10T20:34:16","guid":{"rendered":"https:\/\/www.uninter.com\/radio\/?p=29432"},"modified":"2020-08-10T17:34:16","modified_gmt":"2020-08-10T20:34:16","slug":"inclusao-em-rede-9","status":"publish","type":"post","link":"https:\/\/www.uninter.com\/radio\/inclusao-em-rede-9","title":{"rendered":"Inclus\u00e3o em Rede #9"},"content":{"rendered":"<p>Neste epis\u00f3dio do Inclus\u00e3o em Rede debatemos sobre quest\u00f5es quanto aos deficientes visuais. Acompanhe.<\/p>\n<!--[if lt IE 9]><script>document.createElement('audio');<\/script><![endif]-->\n<audio class=\"wp-audio-shortcode\" id=\"audio-29432-1\" preload=\"none\" style=\"width: 100%;\" controls=\"controls\"><source type=\"audio\/mpeg\" src=\"https:\/\/www.uninter.com\/radio\/wp-content\/uploads\/2020\/08\/inclus\u00e3o-em-rede-31_07_2020_mixagem.mp3?_=1\" \/><a href=\"https:\/\/www.uninter.com\/radio\/wp-content\/uploads\/2020\/08\/inclus\u00e3o-em-rede-31_07_2020_mixagem.mp3\">https:\/\/www.uninter.com\/radio\/wp-content\/uploads\/2020\/08\/inclus\u00e3o-em-rede-31_07_2020_mixagem.mp3<\/a><\/audio>\n","protected":false},"excerpt":{"rendered":"<p>Neste epis\u00f3dio do Inclus\u00e3o em Rede debatemos sobre quest\u00f5es quanto aos deficientes visuais. Acompanhe.<\/p>\n","protected":false},"author":3,"featured_media":30530,"comment_status":"open","ping_status":"open","sticky":false,"template":"","format":"standard","meta":[],"categories":[2727],"tags":[],"_links":{"self":[{"href":"https:\/\/www.uninter.com\/radio\/wp-json\/wp\/v2\/posts\/29432"}],"collection":[{"href":"https:\/\/www.uninter.com\/radio\/wp-json\/wp\/v2\/posts"}],"about":[{"href":"https:\/\/www.uninter.com\/radio\/wp-json\/wp\/v2\/types\/post"}],"author":[{"embeddable":true,"href":"https:\/\/www.uninter.com\/radio\/wp-json\/wp\/v2\/users\/3"}],"replies":[{"embeddable":true,"href":"https:\/\/www.uninter.com\/radio\/wp-json\/wp\/v2\/comments?post=29432"}],"version-history":[{"count":1,"href":"https:\/\/www.uninter.com\/radio\/wp-json\/wp\/v2\/posts\/29432\/revisions"}],"predecessor-version":[{"id":29434,"href":"https:\/\/www.uninter.com\/radio\/wp-json\/wp\/v2\/posts\/29432\/revisions\/29434"}],"wp:featuredmedia":[{"embeddable":true,"href":"https:\/\/www.uninter.com\/radio\/wp-json\/wp\/v2\/media\/30530"}],"wp:attachment":[{"href":"https:\/\/www.uninter.com\/radio\/wp-json\/wp\/v2\/media?parent=29432"}],"wp:term":[{"taxonomy":"category","embeddable":true,"href":"https:\/\/www.uninter.com\/radio\/wp-json\/wp\/v2\/categories?post=29432"},{"taxonomy":"post_tag","embeddable":true,"href":"https:\/\/www.uninter.com\/radio\/wp-json\/wp\/v2\/tags?post=29432"}],"curies":[{"name":"wp","href":"https:\/\/api.w.org\/{rel}","templated":true}]}}