{"id":29393,"date":"2020-08-10T10:07:43","date_gmt":"2020-08-10T13:07:43","guid":{"rendered":"https:\/\/www.uninter.com\/radio\/?p=29393"},"modified":"2020-08-10T10:07:43","modified_gmt":"2020-08-10T13:07:43","slug":"conheca-o-seu-direito-13","status":"publish","type":"post","link":"https:\/\/www.uninter.com\/radio\/conheca-o-seu-direito-13","title":{"rendered":"Conhe\u00e7a o seu direito #13"},"content":{"rendered":"<p>No dia 30 de junho tivemos altera\u00e7\u00f5es no Decreto da Previd\u00eancia Social, e para esclarecer todas as suas d\u00favidas, este epis\u00f3dio do Conhe\u00e7a seu Direito promove uma conversa com o Juiz Federal Jos\u00e9 Ant\u00f4nio Savaris. Acompanhe.<\/p>\n<!--[if lt IE 9]><script>document.createElement('audio');<\/script><![endif]-->\n<audio class=\"wp-audio-shortcode\" id=\"audio-29393-1\" preload=\"none\" style=\"width: 100%;\" controls=\"controls\"><source type=\"audio\/mpeg\" src=\"https:\/\/www.uninter.com\/radio\/wp-content\/uploads\/2020\/08\/conhe\u00e7a-seu-direito-27_07_2020_mixagem.mp3?_=1\" \/><a href=\"https:\/\/www.uninter.com\/radio\/wp-content\/uploads\/2020\/08\/conhe\u00e7a-seu-direito-27_07_2020_mixagem.mp3\">https:\/\/www.uninter.com\/radio\/wp-content\/uploads\/2020\/08\/conhe\u00e7a-seu-direito-27_07_2020_mixagem.mp3<\/a><\/audio>\n","protected":false},"excerpt":{"rendered":"<p>No dia 30 de junho tivemos altera\u00e7\u00f5es no Decreto da Previd\u00eancia Social, e para esclarecer&#8230;<\/p>\n","protected":false},"author":3,"featured_media":30516,"comment_status":"open","ping_status":"open","sticky":false,"template":"","format":"standard","meta":[],"categories":[2703],"tags":[],"_links":{"self":[{"href":"https:\/\/www.uninter.com\/radio\/wp-json\/wp\/v2\/posts\/29393"}],"collection":[{"href":"https:\/\/www.uninter.com\/radio\/wp-json\/wp\/v2\/posts"}],"about":[{"href":"https:\/\/www.uninter.com\/radio\/wp-json\/wp\/v2\/types\/post"}],"author":[{"embeddable":true,"href":"https:\/\/www.uninter.com\/radio\/wp-json\/wp\/v2\/users\/3"}],"replies":[{"embeddable":true,"href":"https:\/\/www.uninter.com\/radio\/wp-json\/wp\/v2\/comments?post=29393"}],"version-history":[{"count":1,"href":"https:\/\/www.uninter.com\/radio\/wp-json\/wp\/v2\/posts\/29393\/revisions"}],"predecessor-version":[{"id":29395,"href":"https:\/\/www.uninter.com\/radio\/wp-json\/wp\/v2\/posts\/29393\/revisions\/29395"}],"wp:featuredmedia":[{"embeddable":true,"href":"https:\/\/www.uninter.com\/radio\/wp-json\/wp\/v2\/media\/30516"}],"wp:attachment":[{"href":"https:\/\/www.uninter.com\/radio\/wp-json\/wp\/v2\/media?parent=29393"}],"wp:term":[{"taxonomy":"category","embeddable":true,"href":"https:\/\/www.uninter.com\/radio\/wp-json\/wp\/v2\/categories?post=29393"},{"taxonomy":"post_tag","embeddable":true,"href":"https:\/\/www.uninter.com\/radio\/wp-json\/wp\/v2\/tags?post=29393"}],"curies":[{"name":"wp","href":"https:\/\/api.w.org\/{rel}","templated":true}]}}