{"id":29353,"date":"2020-07-29T10:57:42","date_gmt":"2020-07-29T13:57:42","guid":{"rendered":"https:\/\/www.uninter.com\/radio\/?p=29353"},"modified":"2020-07-29T10:57:42","modified_gmt":"2020-07-29T13:57:42","slug":"atualidades-da-educacao-9","status":"publish","type":"post","link":"https:\/\/www.uninter.com\/radio\/atualidades-da-educacao-9","title":{"rendered":"Atualidades da Educa\u00e7\u00e3o #9"},"content":{"rendered":"<p>Vamos falar sobre tecnologias e comunica\u00e7\u00e3o em tempos de pandemia, com a presen\u00e7a do professor Rodrigo Ot\u00e1vio dos Santos. Acompanhe.<\/p>\n<!--[if lt IE 9]><script>document.createElement('audio');<\/script><![endif]-->\n<audio class=\"wp-audio-shortcode\" id=\"audio-29353-1\" preload=\"none\" style=\"width: 100%;\" controls=\"controls\"><source type=\"audio\/mpeg\" src=\"https:\/\/www.uninter.com\/radio\/wp-content\/uploads\/2020\/07\/atualidades-da-educa\u00e7\u00e3o-21_07_2020_mixagem.mp3?_=1\" \/><a href=\"https:\/\/www.uninter.com\/radio\/wp-content\/uploads\/2020\/07\/atualidades-da-educa\u00e7\u00e3o-21_07_2020_mixagem.mp3\">https:\/\/www.uninter.com\/radio\/wp-content\/uploads\/2020\/07\/atualidades-da-educa\u00e7\u00e3o-21_07_2020_mixagem.mp3<\/a><\/audio>\n","protected":false},"excerpt":{"rendered":"<p>Vamos falar sobre tecnologias e comunica\u00e7\u00e3o em tempos de pandemia, com a presen\u00e7a do professor&#8230;<\/p>\n","protected":false},"author":3,"featured_media":30511,"comment_status":"open","ping_status":"open","sticky":false,"template":"","format":"standard","meta":[],"categories":[2760],"tags":[],"_links":{"self":[{"href":"https:\/\/www.uninter.com\/radio\/wp-json\/wp\/v2\/posts\/29353"}],"collection":[{"href":"https:\/\/www.uninter.com\/radio\/wp-json\/wp\/v2\/posts"}],"about":[{"href":"https:\/\/www.uninter.com\/radio\/wp-json\/wp\/v2\/types\/post"}],"author":[{"embeddable":true,"href":"https:\/\/www.uninter.com\/radio\/wp-json\/wp\/v2\/users\/3"}],"replies":[{"embeddable":true,"href":"https:\/\/www.uninter.com\/radio\/wp-json\/wp\/v2\/comments?post=29353"}],"version-history":[{"count":1,"href":"https:\/\/www.uninter.com\/radio\/wp-json\/wp\/v2\/posts\/29353\/revisions"}],"predecessor-version":[{"id":29355,"href":"https:\/\/www.uninter.com\/radio\/wp-json\/wp\/v2\/posts\/29353\/revisions\/29355"}],"wp:featuredmedia":[{"embeddable":true,"href":"https:\/\/www.uninter.com\/radio\/wp-json\/wp\/v2\/media\/30511"}],"wp:attachment":[{"href":"https:\/\/www.uninter.com\/radio\/wp-json\/wp\/v2\/media?parent=29353"}],"wp:term":[{"taxonomy":"category","embeddable":true,"href":"https:\/\/www.uninter.com\/radio\/wp-json\/wp\/v2\/categories?post=29353"},{"taxonomy":"post_tag","embeddable":true,"href":"https:\/\/www.uninter.com\/radio\/wp-json\/wp\/v2\/tags?post=29353"}],"curies":[{"name":"wp","href":"https:\/\/api.w.org\/{rel}","templated":true}]}}