{"id":29247,"date":"2020-07-14T10:29:00","date_gmt":"2020-07-14T13:29:00","guid":{"rendered":"https:\/\/www.uninter.com\/radio\/?p=29247"},"modified":"2020-07-14T10:29:00","modified_gmt":"2020-07-14T13:29:00","slug":"atualidades-da-educacao-7-edicao-especial","status":"publish","type":"post","link":"https:\/\/www.uninter.com\/radio\/atualidades-da-educacao-7-edicao-especial","title":{"rendered":"Atualidades da Educa\u00e7\u00e3o #7 (Edi\u00e7\u00e3o especial)"},"content":{"rendered":"<p>Neste epis\u00f3dio do Atualidades da Educa\u00e7\u00e3o, Alvino Moser promove uma conversa com os professores S\u00f4nia Lira e Marcus Bessa. Acompanhe.<\/p>\n<!--[if lt IE 9]><script>document.createElement('audio');<\/script><![endif]-->\n<audio class=\"wp-audio-shortcode\" id=\"audio-29247-1\" preload=\"none\" style=\"width: 100%;\" controls=\"controls\"><source type=\"audio\/mpeg\" src=\"https:\/\/www.uninter.com\/radio\/wp-content\/uploads\/2020\/07\/atualidades-da-educa\u00e7\u00e3o-08_07_2020_mixagem.mp3?_=1\" \/><a href=\"https:\/\/www.uninter.com\/radio\/wp-content\/uploads\/2020\/07\/atualidades-da-educa\u00e7\u00e3o-08_07_2020_mixagem.mp3\">https:\/\/www.uninter.com\/radio\/wp-content\/uploads\/2020\/07\/atualidades-da-educa\u00e7\u00e3o-08_07_2020_mixagem.mp3<\/a><\/audio>\n","protected":false},"excerpt":{"rendered":"<p>Neste epis\u00f3dio do Atualidades da Educa\u00e7\u00e3o, Alvino Moser promove uma conversa com os professores S\u00f4nia&#8230;<\/p>\n","protected":false},"author":3,"featured_media":30511,"comment_status":"open","ping_status":"open","sticky":false,"template":"","format":"standard","meta":[],"categories":[2760],"tags":[],"_links":{"self":[{"href":"https:\/\/www.uninter.com\/radio\/wp-json\/wp\/v2\/posts\/29247"}],"collection":[{"href":"https:\/\/www.uninter.com\/radio\/wp-json\/wp\/v2\/posts"}],"about":[{"href":"https:\/\/www.uninter.com\/radio\/wp-json\/wp\/v2\/types\/post"}],"author":[{"embeddable":true,"href":"https:\/\/www.uninter.com\/radio\/wp-json\/wp\/v2\/users\/3"}],"replies":[{"embeddable":true,"href":"https:\/\/www.uninter.com\/radio\/wp-json\/wp\/v2\/comments?post=29247"}],"version-history":[{"count":1,"href":"https:\/\/www.uninter.com\/radio\/wp-json\/wp\/v2\/posts\/29247\/revisions"}],"predecessor-version":[{"id":29249,"href":"https:\/\/www.uninter.com\/radio\/wp-json\/wp\/v2\/posts\/29247\/revisions\/29249"}],"wp:featuredmedia":[{"embeddable":true,"href":"https:\/\/www.uninter.com\/radio\/wp-json\/wp\/v2\/media\/30511"}],"wp:attachment":[{"href":"https:\/\/www.uninter.com\/radio\/wp-json\/wp\/v2\/media?parent=29247"}],"wp:term":[{"taxonomy":"category","embeddable":true,"href":"https:\/\/www.uninter.com\/radio\/wp-json\/wp\/v2\/categories?post=29247"},{"taxonomy":"post_tag","embeddable":true,"href":"https:\/\/www.uninter.com\/radio\/wp-json\/wp\/v2\/tags?post=29247"}],"curies":[{"name":"wp","href":"https:\/\/api.w.org\/{rel}","templated":true}]}}