{"id":29232,"date":"2020-07-13T12:09:53","date_gmt":"2020-07-13T15:09:53","guid":{"rendered":"https:\/\/www.uninter.com\/radio\/?p=29232"},"modified":"2020-07-13T12:09:53","modified_gmt":"2020-07-13T15:09:53","slug":"atualidades-da-educacao-6","status":"publish","type":"post","link":"https:\/\/www.uninter.com\/radio\/atualidades-da-educacao-6","title":{"rendered":"Atualidades da Educa\u00e7\u00e3o #6"},"content":{"rendered":"<p>Nesta edi\u00e7\u00e3o do Atualidades da Educa\u00e7\u00e3o, Alvino Moser recebe o professor Armando Kolbe Junior para uma conversa sobre educa\u00e7\u00e3o atualmente. Confira.<\/p>\n<!--[if lt IE 9]><script>document.createElement('audio');<\/script><![endif]-->\n<audio class=\"wp-audio-shortcode\" id=\"audio-29232-1\" preload=\"none\" style=\"width: 100%;\" controls=\"controls\"><source type=\"audio\/mpeg\" src=\"https:\/\/www.uninter.com\/radio\/wp-content\/uploads\/2020\/07\/atualidades-da-educa\u00e7\u00e3o-07_07_2020_mixagem.mp3?_=1\" \/><a href=\"https:\/\/www.uninter.com\/radio\/wp-content\/uploads\/2020\/07\/atualidades-da-educa\u00e7\u00e3o-07_07_2020_mixagem.mp3\">https:\/\/www.uninter.com\/radio\/wp-content\/uploads\/2020\/07\/atualidades-da-educa\u00e7\u00e3o-07_07_2020_mixagem.mp3<\/a><\/audio>\n","protected":false},"excerpt":{"rendered":"<p>Nesta edi\u00e7\u00e3o do Atualidades da Educa\u00e7\u00e3o, Alvino Moser recebe o professor Armando Kolbe Junior para&#8230;<\/p>\n","protected":false},"author":3,"featured_media":30511,"comment_status":"open","ping_status":"open","sticky":false,"template":"","format":"standard","meta":[],"categories":[2760],"tags":[],"_links":{"self":[{"href":"https:\/\/www.uninter.com\/radio\/wp-json\/wp\/v2\/posts\/29232"}],"collection":[{"href":"https:\/\/www.uninter.com\/radio\/wp-json\/wp\/v2\/posts"}],"about":[{"href":"https:\/\/www.uninter.com\/radio\/wp-json\/wp\/v2\/types\/post"}],"author":[{"embeddable":true,"href":"https:\/\/www.uninter.com\/radio\/wp-json\/wp\/v2\/users\/3"}],"replies":[{"embeddable":true,"href":"https:\/\/www.uninter.com\/radio\/wp-json\/wp\/v2\/comments?post=29232"}],"version-history":[{"count":1,"href":"https:\/\/www.uninter.com\/radio\/wp-json\/wp\/v2\/posts\/29232\/revisions"}],"predecessor-version":[{"id":29234,"href":"https:\/\/www.uninter.com\/radio\/wp-json\/wp\/v2\/posts\/29232\/revisions\/29234"}],"wp:featuredmedia":[{"embeddable":true,"href":"https:\/\/www.uninter.com\/radio\/wp-json\/wp\/v2\/media\/30511"}],"wp:attachment":[{"href":"https:\/\/www.uninter.com\/radio\/wp-json\/wp\/v2\/media?parent=29232"}],"wp:term":[{"taxonomy":"category","embeddable":true,"href":"https:\/\/www.uninter.com\/radio\/wp-json\/wp\/v2\/categories?post=29232"},{"taxonomy":"post_tag","embeddable":true,"href":"https:\/\/www.uninter.com\/radio\/wp-json\/wp\/v2\/tags?post=29232"}],"curies":[{"name":"wp","href":"https:\/\/api.w.org\/{rel}","templated":true}]}}