{"id":29139,"date":"2020-07-01T14:13:59","date_gmt":"2020-07-01T17:13:59","guid":{"rendered":"https:\/\/www.uninter.com\/radio\/?p=29139"},"modified":"2020-07-01T14:13:59","modified_gmt":"2020-07-01T17:13:59","slug":"memoria-viva-18","status":"publish","type":"post","link":"https:\/\/www.uninter.com\/radio\/memoria-viva-18","title":{"rendered":"Mem\u00f3ria Viva #18"},"content":{"rendered":"<p>O Mem\u00f3ria Viva conta a hist\u00f3ria do Alexandre Ara\u00fajo dos Santos, gestor dos polos de S\u00e3o Jos\u00e9 dos Campos, Jacare\u00ed, Lorena e Bragan\u00e7a (SP). Acompanhe.<\/p>\n<!--[if lt IE 9]><script>document.createElement('audio');<\/script><![endif]-->\n<audio class=\"wp-audio-shortcode\" id=\"audio-29139-1\" preload=\"none\" style=\"width: 100%;\" controls=\"controls\"><source type=\"audio\/mpeg\" src=\"https:\/\/www.uninter.com\/radio\/wp-content\/uploads\/2020\/07\/memoria-viva-25_06_2020_mixagem.mp3?_=1\" \/><a href=\"https:\/\/www.uninter.com\/radio\/wp-content\/uploads\/2020\/07\/memoria-viva-25_06_2020_mixagem.mp3\">https:\/\/www.uninter.com\/radio\/wp-content\/uploads\/2020\/07\/memoria-viva-25_06_2020_mixagem.mp3<\/a><\/audio>\n","protected":false},"excerpt":{"rendered":"<p>O Mem\u00f3ria Viva conta a hist\u00f3ria do Alexandre Ara\u00fajo dos Santos, gestor dos polos de&#8230;<\/p>\n","protected":false},"author":3,"featured_media":30533,"comment_status":"open","ping_status":"open","sticky":false,"template":"","format":"standard","meta":[],"categories":[2712],"tags":[],"_links":{"self":[{"href":"https:\/\/www.uninter.com\/radio\/wp-json\/wp\/v2\/posts\/29139"}],"collection":[{"href":"https:\/\/www.uninter.com\/radio\/wp-json\/wp\/v2\/posts"}],"about":[{"href":"https:\/\/www.uninter.com\/radio\/wp-json\/wp\/v2\/types\/post"}],"author":[{"embeddable":true,"href":"https:\/\/www.uninter.com\/radio\/wp-json\/wp\/v2\/users\/3"}],"replies":[{"embeddable":true,"href":"https:\/\/www.uninter.com\/radio\/wp-json\/wp\/v2\/comments?post=29139"}],"version-history":[{"count":1,"href":"https:\/\/www.uninter.com\/radio\/wp-json\/wp\/v2\/posts\/29139\/revisions"}],"predecessor-version":[{"id":29141,"href":"https:\/\/www.uninter.com\/radio\/wp-json\/wp\/v2\/posts\/29139\/revisions\/29141"}],"wp:featuredmedia":[{"embeddable":true,"href":"https:\/\/www.uninter.com\/radio\/wp-json\/wp\/v2\/media\/30533"}],"wp:attachment":[{"href":"https:\/\/www.uninter.com\/radio\/wp-json\/wp\/v2\/media?parent=29139"}],"wp:term":[{"taxonomy":"category","embeddable":true,"href":"https:\/\/www.uninter.com\/radio\/wp-json\/wp\/v2\/categories?post=29139"},{"taxonomy":"post_tag","embeddable":true,"href":"https:\/\/www.uninter.com\/radio\/wp-json\/wp\/v2\/tags?post=29139"}],"curies":[{"name":"wp","href":"https:\/\/api.w.org\/{rel}","templated":true}]}}