{"id":29133,"date":"2020-07-01T12:59:48","date_gmt":"2020-07-01T15:59:48","guid":{"rendered":"https:\/\/www.uninter.com\/radio\/?p=29133"},"modified":"2020-07-01T12:59:48","modified_gmt":"2020-07-01T15:59:48","slug":"atualidades-da-educacao-4","status":"publish","type":"post","link":"https:\/\/www.uninter.com\/radio\/atualidades-da-educacao-4","title":{"rendered":"Atualidades da Educa\u00e7\u00e3o #4"},"content":{"rendered":"<p>Este epis\u00f3dio do Atualidades da Educa\u00e7\u00e3o fala sobre o teletrabalho nas escolas, com os professores Alvino Mosar e Ademir Pinhelli. Acompanhe.<\/p>\n<!--[if lt IE 9]><script>document.createElement('audio');<\/script><![endif]-->\n<audio class=\"wp-audio-shortcode\" id=\"audio-29133-1\" preload=\"none\" style=\"width: 100%;\" controls=\"controls\"><source type=\"audio\/mpeg\" src=\"https:\/\/www.uninter.com\/radio\/wp-content\/uploads\/2020\/07\/atualidades-da-educa\u00e7\u00e3o-23_06_2020_mixagem.mp3?_=1\" \/><a href=\"https:\/\/www.uninter.com\/radio\/wp-content\/uploads\/2020\/07\/atualidades-da-educa\u00e7\u00e3o-23_06_2020_mixagem.mp3\">https:\/\/www.uninter.com\/radio\/wp-content\/uploads\/2020\/07\/atualidades-da-educa\u00e7\u00e3o-23_06_2020_mixagem.mp3<\/a><\/audio>\n","protected":false},"excerpt":{"rendered":"<p>Este epis\u00f3dio do Atualidades da Educa\u00e7\u00e3o fala sobre o teletrabalho nas escolas, com os professores&#8230;<\/p>\n","protected":false},"author":3,"featured_media":30511,"comment_status":"open","ping_status":"open","sticky":false,"template":"","format":"standard","meta":[],"categories":[2760],"tags":[],"_links":{"self":[{"href":"https:\/\/www.uninter.com\/radio\/wp-json\/wp\/v2\/posts\/29133"}],"collection":[{"href":"https:\/\/www.uninter.com\/radio\/wp-json\/wp\/v2\/posts"}],"about":[{"href":"https:\/\/www.uninter.com\/radio\/wp-json\/wp\/v2\/types\/post"}],"author":[{"embeddable":true,"href":"https:\/\/www.uninter.com\/radio\/wp-json\/wp\/v2\/users\/3"}],"replies":[{"embeddable":true,"href":"https:\/\/www.uninter.com\/radio\/wp-json\/wp\/v2\/comments?post=29133"}],"version-history":[{"count":1,"href":"https:\/\/www.uninter.com\/radio\/wp-json\/wp\/v2\/posts\/29133\/revisions"}],"predecessor-version":[{"id":29135,"href":"https:\/\/www.uninter.com\/radio\/wp-json\/wp\/v2\/posts\/29133\/revisions\/29135"}],"wp:featuredmedia":[{"embeddable":true,"href":"https:\/\/www.uninter.com\/radio\/wp-json\/wp\/v2\/media\/30511"}],"wp:attachment":[{"href":"https:\/\/www.uninter.com\/radio\/wp-json\/wp\/v2\/media?parent=29133"}],"wp:term":[{"taxonomy":"category","embeddable":true,"href":"https:\/\/www.uninter.com\/radio\/wp-json\/wp\/v2\/categories?post=29133"},{"taxonomy":"post_tag","embeddable":true,"href":"https:\/\/www.uninter.com\/radio\/wp-json\/wp\/v2\/tags?post=29133"}],"curies":[{"name":"wp","href":"https:\/\/api.w.org\/{rel}","templated":true}]}}