{"id":29037,"date":"2020-06-11T19:45:23","date_gmt":"2020-06-11T22:45:23","guid":{"rendered":"https:\/\/www.uninter.com\/radio\/?p=29037"},"modified":"2020-06-11T19:45:23","modified_gmt":"2020-06-11T22:45:23","slug":"humanidades-12","status":"publish","type":"post","link":"https:\/\/www.uninter.com\/radio\/humanidades-12","title":{"rendered":"Humanidades #12"},"content":{"rendered":"<p>O programa Humanidades est\u00e1 de volta, com o coordenador do curso de Servi\u00e7o Social Uninter Dorival da Costa e a professora Cleci Elisa Albiero. Hoje, o assunto \u00e9 o trabalho servi\u00e7o social nas empresas. N\u00e3o perca!<\/p>\n<!--[if lt IE 9]><script>document.createElement('audio');<\/script><![endif]-->\n<audio class=\"wp-audio-shortcode\" id=\"audio-29037-1\" preload=\"none\" style=\"width: 100%;\" controls=\"controls\"><source type=\"audio\/mpeg\" src=\"https:\/\/www.uninter.com\/radio\/wp-content\/uploads\/2020\/06\/humanidades-10_06_2020_mixagem.mp3?_=1\" \/><a href=\"https:\/\/www.uninter.com\/radio\/wp-content\/uploads\/2020\/06\/humanidades-10_06_2020_mixagem.mp3\">https:\/\/www.uninter.com\/radio\/wp-content\/uploads\/2020\/06\/humanidades-10_06_2020_mixagem.mp3<\/a><\/audio>\n","protected":false},"excerpt":{"rendered":"<p>O programa Humanidades est\u00e1 de volta, com o coordenador do curso de Servi\u00e7o Social Uninter&#8230;<\/p>\n","protected":false},"author":3,"featured_media":30528,"comment_status":"open","ping_status":"open","sticky":false,"template":"","format":"standard","meta":[],"categories":[2707],"tags":[],"_links":{"self":[{"href":"https:\/\/www.uninter.com\/radio\/wp-json\/wp\/v2\/posts\/29037"}],"collection":[{"href":"https:\/\/www.uninter.com\/radio\/wp-json\/wp\/v2\/posts"}],"about":[{"href":"https:\/\/www.uninter.com\/radio\/wp-json\/wp\/v2\/types\/post"}],"author":[{"embeddable":true,"href":"https:\/\/www.uninter.com\/radio\/wp-json\/wp\/v2\/users\/3"}],"replies":[{"embeddable":true,"href":"https:\/\/www.uninter.com\/radio\/wp-json\/wp\/v2\/comments?post=29037"}],"version-history":[{"count":1,"href":"https:\/\/www.uninter.com\/radio\/wp-json\/wp\/v2\/posts\/29037\/revisions"}],"predecessor-version":[{"id":29039,"href":"https:\/\/www.uninter.com\/radio\/wp-json\/wp\/v2\/posts\/29037\/revisions\/29039"}],"wp:featuredmedia":[{"embeddable":true,"href":"https:\/\/www.uninter.com\/radio\/wp-json\/wp\/v2\/media\/30528"}],"wp:attachment":[{"href":"https:\/\/www.uninter.com\/radio\/wp-json\/wp\/v2\/media?parent=29037"}],"wp:term":[{"taxonomy":"category","embeddable":true,"href":"https:\/\/www.uninter.com\/radio\/wp-json\/wp\/v2\/categories?post=29037"},{"taxonomy":"post_tag","embeddable":true,"href":"https:\/\/www.uninter.com\/radio\/wp-json\/wp\/v2\/tags?post=29037"}],"curies":[{"name":"wp","href":"https:\/\/api.w.org\/{rel}","templated":true}]}}