{"id":29008,"date":"2020-06-08T13:57:55","date_gmt":"2020-06-08T16:57:55","guid":{"rendered":"https:\/\/www.uninter.com\/radio\/?p=29008"},"modified":"2020-06-08T13:57:55","modified_gmt":"2020-06-08T16:57:55","slug":"atualidades-da-educacao-1","status":"publish","type":"post","link":"https:\/\/www.uninter.com\/radio\/atualidades-da-educacao-1","title":{"rendered":"Atualidades da Educa\u00e7\u00e3o #1"},"content":{"rendered":"<p>E tem estreia na programa\u00e7\u00e3o! A lenda viva da educa\u00e7\u00e3o brasileira, Alvino Moser, veio com a gente para falar sobre educa\u00e7\u00e3o em tempos de pandemia, e a conversa foi com o professor Lu\u00eds Fernando. Acompanhe!<\/p>\n<!--[if lt IE 9]><script>document.createElement('audio');<\/script><![endif]-->\n<audio class=\"wp-audio-shortcode\" id=\"audio-29008-1\" preload=\"none\" style=\"width: 100%;\" controls=\"controls\"><source type=\"audio\/mpeg\" src=\"https:\/\/www.uninter.com\/radio\/wp-content\/uploads\/2020\/06\/atualidades-da-educa\u00e7\u00e3o_02_06_2020_mixagem.mp3?_=1\" \/><a href=\"https:\/\/www.uninter.com\/radio\/wp-content\/uploads\/2020\/06\/atualidades-da-educa\u00e7\u00e3o_02_06_2020_mixagem.mp3\">https:\/\/www.uninter.com\/radio\/wp-content\/uploads\/2020\/06\/atualidades-da-educa\u00e7\u00e3o_02_06_2020_mixagem.mp3<\/a><\/audio>\n","protected":false},"excerpt":{"rendered":"<p>E tem estreia na programa\u00e7\u00e3o! A lenda viva da educa\u00e7\u00e3o brasileira, Alvino Moser, veio com&#8230;<\/p>\n","protected":false},"author":3,"featured_media":30511,"comment_status":"open","ping_status":"open","sticky":false,"template":"","format":"standard","meta":[],"categories":[2760],"tags":[],"_links":{"self":[{"href":"https:\/\/www.uninter.com\/radio\/wp-json\/wp\/v2\/posts\/29008"}],"collection":[{"href":"https:\/\/www.uninter.com\/radio\/wp-json\/wp\/v2\/posts"}],"about":[{"href":"https:\/\/www.uninter.com\/radio\/wp-json\/wp\/v2\/types\/post"}],"author":[{"embeddable":true,"href":"https:\/\/www.uninter.com\/radio\/wp-json\/wp\/v2\/users\/3"}],"replies":[{"embeddable":true,"href":"https:\/\/www.uninter.com\/radio\/wp-json\/wp\/v2\/comments?post=29008"}],"version-history":[{"count":1,"href":"https:\/\/www.uninter.com\/radio\/wp-json\/wp\/v2\/posts\/29008\/revisions"}],"predecessor-version":[{"id":29011,"href":"https:\/\/www.uninter.com\/radio\/wp-json\/wp\/v2\/posts\/29008\/revisions\/29011"}],"wp:featuredmedia":[{"embeddable":true,"href":"https:\/\/www.uninter.com\/radio\/wp-json\/wp\/v2\/media\/30511"}],"wp:attachment":[{"href":"https:\/\/www.uninter.com\/radio\/wp-json\/wp\/v2\/media?parent=29008"}],"wp:term":[{"taxonomy":"category","embeddable":true,"href":"https:\/\/www.uninter.com\/radio\/wp-json\/wp\/v2\/categories?post=29008"},{"taxonomy":"post_tag","embeddable":true,"href":"https:\/\/www.uninter.com\/radio\/wp-json\/wp\/v2\/tags?post=29008"}],"curies":[{"name":"wp","href":"https:\/\/api.w.org\/{rel}","templated":true}]}}