{"id":28975,"date":"2020-06-01T11:07:06","date_gmt":"2020-06-01T14:07:06","guid":{"rendered":"https:\/\/www.uninter.com\/radio\/?p=28975"},"modified":"2020-06-01T11:07:06","modified_gmt":"2020-06-01T14:07:06","slug":"conversa-com-o-reitor-11","status":"publish","type":"post","link":"https:\/\/www.uninter.com\/radio\/conversa-com-o-reitor-11","title":{"rendered":"Conversa com o Reitor #11"},"content":{"rendered":"<p>Os cursos da Escola Polit\u00e9cnica da Uninter agora est\u00e3o cadastrados no CREA! Para falar sobre o assunto, nosso reitor, Benhur Gaio, conversa com os coordenadores de Engenharia Produ\u00e7\u00e3o Douglas Agostinho e da Engenharia da Computa\u00e7\u00e3o Rafael Wiecheteck. Confira!<\/p>\n<!--[if lt IE 9]><script>document.createElement('audio');<\/script><![endif]-->\n<audio class=\"wp-audio-shortcode\" id=\"audio-28975-1\" preload=\"none\" style=\"width: 100%;\" controls=\"controls\"><source type=\"audio\/mpeg\" src=\"https:\/\/www.uninter.com\/radio\/wp-content\/uploads\/2020\/06\/conversa-com-o-reitor-29_05_2020_mixagem.mp3?_=1\" \/><a href=\"https:\/\/www.uninter.com\/radio\/wp-content\/uploads\/2020\/06\/conversa-com-o-reitor-29_05_2020_mixagem.mp3\">https:\/\/www.uninter.com\/radio\/wp-content\/uploads\/2020\/06\/conversa-com-o-reitor-29_05_2020_mixagem.mp3<\/a><\/audio>\n","protected":false},"excerpt":{"rendered":"<p>Os cursos da Escola Polit\u00e9cnica da Uninter agora est\u00e3o cadastrados no CREA! Para falar sobre&#8230;<\/p>\n","protected":false},"author":3,"featured_media":30517,"comment_status":"open","ping_status":"open","sticky":false,"template":"","format":"standard","meta":[],"categories":[2724],"tags":[],"_links":{"self":[{"href":"https:\/\/www.uninter.com\/radio\/wp-json\/wp\/v2\/posts\/28975"}],"collection":[{"href":"https:\/\/www.uninter.com\/radio\/wp-json\/wp\/v2\/posts"}],"about":[{"href":"https:\/\/www.uninter.com\/radio\/wp-json\/wp\/v2\/types\/post"}],"author":[{"embeddable":true,"href":"https:\/\/www.uninter.com\/radio\/wp-json\/wp\/v2\/users\/3"}],"replies":[{"embeddable":true,"href":"https:\/\/www.uninter.com\/radio\/wp-json\/wp\/v2\/comments?post=28975"}],"version-history":[{"count":1,"href":"https:\/\/www.uninter.com\/radio\/wp-json\/wp\/v2\/posts\/28975\/revisions"}],"predecessor-version":[{"id":28977,"href":"https:\/\/www.uninter.com\/radio\/wp-json\/wp\/v2\/posts\/28975\/revisions\/28977"}],"wp:featuredmedia":[{"embeddable":true,"href":"https:\/\/www.uninter.com\/radio\/wp-json\/wp\/v2\/media\/30517"}],"wp:attachment":[{"href":"https:\/\/www.uninter.com\/radio\/wp-json\/wp\/v2\/media?parent=28975"}],"wp:term":[{"taxonomy":"category","embeddable":true,"href":"https:\/\/www.uninter.com\/radio\/wp-json\/wp\/v2\/categories?post=28975"},{"taxonomy":"post_tag","embeddable":true,"href":"https:\/\/www.uninter.com\/radio\/wp-json\/wp\/v2\/tags?post=28975"}],"curies":[{"name":"wp","href":"https:\/\/api.w.org\/{rel}","templated":true}]}}