{"id":28952,"date":"2020-06-01T10:23:10","date_gmt":"2020-06-01T13:23:10","guid":{"rendered":"https:\/\/www.uninter.com\/radio\/?p=28952"},"modified":"2020-06-01T10:23:10","modified_gmt":"2020-06-01T13:23:10","slug":"contrainformacao-21","status":"publish","type":"post","link":"https:\/\/www.uninter.com\/radio\/contrainformacao-21","title":{"rendered":"Contrainforma\u00e7\u00e3o #21"},"content":{"rendered":"<p>Na edi\u00e7\u00e3o 21 do programa Contrainforma\u00e7\u00e3o falamos sobre censura e viol\u00eancia contra jornalistas. Para este debate, o convidado foi o argentino Carlos Laur\u00eda. Confira!<\/p>\n<!--[if lt IE 9]><script>document.createElement('audio');<\/script><![endif]-->\n<audio class=\"wp-audio-shortcode\" id=\"audio-28952-1\" preload=\"none\" style=\"width: 100%;\" controls=\"controls\"><source type=\"audio\/mpeg\" src=\"https:\/\/www.uninter.com\/radio\/wp-content\/uploads\/2020\/06\/contra-informa\u00e7\u00e3o-27-05-2020-online-audio-converter.com_.mp3?_=1\" \/><a href=\"https:\/\/www.uninter.com\/radio\/wp-content\/uploads\/2020\/06\/contra-informa\u00e7\u00e3o-27-05-2020-online-audio-converter.com_.mp3\">https:\/\/www.uninter.com\/radio\/wp-content\/uploads\/2020\/06\/contra-informa\u00e7\u00e3o-27-05-2020-online-audio-converter.com_.mp3<\/a><\/audio>\n","protected":false},"excerpt":{"rendered":"<p>Na edi\u00e7\u00e3o 21 do programa Contrainforma\u00e7\u00e3o falamos sobre censura e viol\u00eancia contra jornalistas. Para este&#8230;<\/p>\n","protected":false},"author":3,"featured_media":30522,"comment_status":"open","ping_status":"open","sticky":false,"template":"","format":"standard","meta":[],"categories":[2693],"tags":[],"_links":{"self":[{"href":"https:\/\/www.uninter.com\/radio\/wp-json\/wp\/v2\/posts\/28952"}],"collection":[{"href":"https:\/\/www.uninter.com\/radio\/wp-json\/wp\/v2\/posts"}],"about":[{"href":"https:\/\/www.uninter.com\/radio\/wp-json\/wp\/v2\/types\/post"}],"author":[{"embeddable":true,"href":"https:\/\/www.uninter.com\/radio\/wp-json\/wp\/v2\/users\/3"}],"replies":[{"embeddable":true,"href":"https:\/\/www.uninter.com\/radio\/wp-json\/wp\/v2\/comments?post=28952"}],"version-history":[{"count":1,"href":"https:\/\/www.uninter.com\/radio\/wp-json\/wp\/v2\/posts\/28952\/revisions"}],"predecessor-version":[{"id":28954,"href":"https:\/\/www.uninter.com\/radio\/wp-json\/wp\/v2\/posts\/28952\/revisions\/28954"}],"wp:featuredmedia":[{"embeddable":true,"href":"https:\/\/www.uninter.com\/radio\/wp-json\/wp\/v2\/media\/30522"}],"wp:attachment":[{"href":"https:\/\/www.uninter.com\/radio\/wp-json\/wp\/v2\/media?parent=28952"}],"wp:term":[{"taxonomy":"category","embeddable":true,"href":"https:\/\/www.uninter.com\/radio\/wp-json\/wp\/v2\/categories?post=28952"},{"taxonomy":"post_tag","embeddable":true,"href":"https:\/\/www.uninter.com\/radio\/wp-json\/wp\/v2\/tags?post=28952"}],"curies":[{"name":"wp","href":"https:\/\/api.w.org\/{rel}","templated":true}]}}