{"id":28868,"date":"2020-05-14T20:27:59","date_gmt":"2020-05-14T23:27:59","guid":{"rendered":"https:\/\/www.uninter.com\/radio\/?p=28868"},"modified":"2020-05-14T20:27:59","modified_gmt":"2020-05-14T23:27:59","slug":"programa-da-radio-uninter-descomplica-o-mundo-corporativo","status":"publish","type":"post","link":"https:\/\/www.uninter.com\/radio\/programa-da-radio-uninter-descomplica-o-mundo-corporativo","title":{"rendered":"Programa da R\u00e1dio Uninter descomplica o mundo corporativo"},"content":{"rendered":"<p>O mundo corporativo pode ser um ambiente \u00e1rido e desafiador, e fazer um empreendimento dar certo n\u00e3o \u00e9 tarefa f\u00e1cil. Por isso, \u00e9 preciso estar atento \u00e0s novas tend\u00eancias e mudan\u00e7as no universo dos neg\u00f3cios. Para debater este cen\u00e1rio, coordenadores dos cursos de\u00a0<strong><a href=\"https:\/\/www.uninter.com\/pos-graduacao\/?utm_source=uninter-noticias&amp;utm_medium=referral\">p\u00f3s-gradua\u00e7\u00e3o<\/a><\/strong>\u00a0da\u00a0<strong><a href=\"https:\/\/www.uninter.com\/?utm_source=uninter-noticias&amp;utm_medium=referral\">Uninter<\/a><\/strong>\u00a0criaram o programa\u00a0<strong><a href=\"https:\/\/www.mixcloud.com\/uninterradio\/playlists\/neg%C3%B3cios-e-tend%C3%AAncias\/?utm_source=uninter-noticias&amp;utm_medium=referral\">Neg\u00f3cios e Tend\u00eancias<\/a><\/strong>, com edi\u00e7\u00f5es semanais na\u00a0<strong><a href=\"https:\/\/www.uninter.com\/radio\/#\">R\u00e1dio Uninter<\/a><\/strong>.<\/p>\n<p>Aline Mara Gumz Eberspacher estreou o programa na companhia dos professores Alexandre Francisco de Andrade, Caroline Vieira de Macedo Brasil e Claudia Patricia Garcia Pampolini, no dia 09.out.19. A primeira transmiss\u00e3o serviu para dar uma ideia geral do programa e apresentar os locutores que estar\u00e3o \u00e0 frente do projeto.<\/p>\n<p>A transmiss\u00e3o seguinte, no dia 16.out.19, abordou como a Oktoberfest pode servir de exemplo de modelo de neg\u00f3cio. Aline trouxe como convidado o professor Andr\u00e9 Ricardo Antunes Ribeiro para falar sobre o assunto. Eles discutiram como a comunica\u00e7\u00e3o, divulga\u00e7\u00e3o e pesquisa de mercado para o evento s\u00e3o bem elaboradas para atender a seu p\u00fablico.<\/p>\n<p>Para que uma empresa funcione bem, \u00e9 necess\u00e1rio colocar as pessoas certas nos cargos certos, e \u00e9 sobre isso que Caroline Brasil e Oriana Gaio falam no terceiro epis\u00f3dio, que abordou a \u00e1rea de recursos humanos. As professoras discutiram por que um bom profissional em um cargo t\u00e9cnico n\u00e3o necessariamente ser\u00e1 um bom gestor ou l\u00edder.<\/p>\n<p>O s\u00e9culo 20 trouxe diversas mudan\u00e7as no mundo dos neg\u00f3cios, inclusive o conceito de marketing digital, tema escolhido para a quarta edi\u00e7\u00e3o do programa. Cl\u00e1udia Pampolini e Maria Carolina Bianchi De Avis Neves explicam como o marketing digital vai al\u00e9m das m\u00eddias sociais, e debatem estrat\u00e9gias controversas usadas para atrair clientes na internet.<\/p>\n<p>A quinta edi\u00e7\u00e3o teve como tema a Intelig\u00eancia Financeira. Alexandre de Andrade convidou Daniel Weigert Cavagnari para debater o assunto e explicar como \u00e9 poss\u00edvel desenvolver sua intelig\u00eancia financeira, dando dicas para alcan\u00e7ar a t\u00e3o desejada sa\u00fade financeira.<\/p>\n<p>No m\u00eas de novembro, Aline Eberspacher convidou Elaine Cristina Hobmeir para conversar sobre a\u00a0<em>Black Friday<\/em>. Elas debateram o comportamento dos vendedores, os h\u00e1bitos de consumo do brasileiro diante desse evento do com\u00e9rcio, e como o marketing atua no convencimento do consumidor.<\/p>\n<p>Para falar sobre o dia mundial da qualidade, os professores Caroline Brasil e Jos\u00e9 Benedito Caparros Junior gravaram o epis\u00f3dio do dia 20.nov.19. Eles debateram a import\u00e2ncia dos padr\u00f5es de qualidade, como o 5S, e como a Organiza\u00e7\u00e3o das Na\u00e7\u00f5es Unidas (ONU) criou essa data, celebrada toda segunda quinta-feira de novembro, voltada para a aten\u00e7\u00e3o \u00e0 qualidade de produtos e servi\u00e7os.<\/p>\n<p>Na edi\u00e7\u00e3o seguinte, Alexandre contou com a companhia da professora Adriana Martins Silva para falar sobre o mercado financeiro. Um dos pontos destacados por Adriana foi a necessidade de que profissionais de todas as \u00e1reas tenham conhecimento sobre\u00a0este mercado. Entre outras dicas, ela falou sobre os cursos oferecidos pela Bovespa.<\/p>\n<p>Na \u00faltima transmiss\u00e3o do ano, a equipe que fez a inaugura\u00e7\u00e3o do programa esteve junta novamente para uma retrospectiva dos programas de 2019, e tamb\u00e9m para falar sobre as expectativas para as edi\u00e7\u00f5es de 2020.<\/p>\n<p>Voc\u00ea pode\u00a0acompanhar o programa \u00e0s quartas, \u00e0s 15h, na\u00a0<strong><a href=\"https:\/\/www.uninter.com\/radio\/#\">R\u00e1dio Uninter<\/a><\/strong>. Todos os epis\u00f3dios citados nesta mat\u00e9ria est\u00e3o dispon\u00edveis no site da r\u00e1dio e tamb\u00e9m no\u00a0<strong><a href=\"https:\/\/www.mixcloud.com\/uninterradio\/?utm_source=uninter-noticias&amp;utm_medium=referral\">Mixcloud<\/a>.<\/strong><\/p>\n<p>&nbsp;<\/p>\n<p><small>Edi\u00e7\u00e3o:\u00a0<\/small><span class=\"edicao\">Mauri K\u00f6nig<\/span><br \/>\n<small>Revis\u00e3o Textual:\u00a0<strong>Jeferson Ferro<\/strong><\/small><\/p>\n","protected":false},"excerpt":{"rendered":"<p>O mundo corporativo pode ser um ambiente \u00e1rido e desafiador, e fazer um empreendimento dar&#8230;<\/p>\n","protected":false},"author":3,"featured_media":26782,"comment_status":"open","ping_status":"open","sticky":false,"template":"","format":"standard","meta":[],"categories":[2306],"tags":[220,2758,2759,2752,100],"_links":{"self":[{"href":"https:\/\/www.uninter.com\/radio\/wp-json\/wp\/v2\/posts\/28868"}],"collection":[{"href":"https:\/\/www.uninter.com\/radio\/wp-json\/wp\/v2\/posts"}],"about":[{"href":"https:\/\/www.uninter.com\/radio\/wp-json\/wp\/v2\/types\/post"}],"author":[{"embeddable":true,"href":"https:\/\/www.uninter.com\/radio\/wp-json\/wp\/v2\/users\/3"}],"replies":[{"embeddable":true,"href":"https:\/\/www.uninter.com\/radio\/wp-json\/wp\/v2\/comments?post=28868"}],"version-history":[{"count":1,"href":"https:\/\/www.uninter.com\/radio\/wp-json\/wp\/v2\/posts\/28868\/revisions"}],"predecessor-version":[{"id":28870,"href":"https:\/\/www.uninter.com\/radio\/wp-json\/wp\/v2\/posts\/28868\/revisions\/28870"}],"wp:featuredmedia":[{"embeddable":true,"href":"https:\/\/www.uninter.com\/radio\/wp-json\/wp\/v2\/media\/26782"}],"wp:attachment":[{"href":"https:\/\/www.uninter.com\/radio\/wp-json\/wp\/v2\/media?parent=28868"}],"wp:term":[{"taxonomy":"category","embeddable":true,"href":"https:\/\/www.uninter.com\/radio\/wp-json\/wp\/v2\/categories?post=28868"},{"taxonomy":"post_tag","embeddable":true,"href":"https:\/\/www.uninter.com\/radio\/wp-json\/wp\/v2\/tags?post=28868"}],"curies":[{"name":"wp","href":"https:\/\/api.w.org\/{rel}","templated":true}]}}