{"id":28865,"date":"2020-05-14T20:24:56","date_gmt":"2020-05-14T23:24:56","guid":{"rendered":"https:\/\/www.uninter.com\/radio\/?p=28865"},"modified":"2020-05-14T20:24:56","modified_gmt":"2020-05-14T23:24:56","slug":"habitacao-identidade-de-genero-trabalho-infantil-o-mundo-das-humanidades-na-radio-uninter","status":"publish","type":"post","link":"https:\/\/www.uninter.com\/radio\/habitacao-identidade-de-genero-trabalho-infantil-o-mundo-das-humanidades-na-radio-uninter","title":{"rendered":"Habita\u00e7\u00e3o, identidade de g\u00eanero, trabalho infantil\u2026 o mundo das humanidades na R\u00e1dio Uninter"},"content":{"rendered":"<p>Vivemos em uma sociedade plural formada por grupos de pessoas com claras distin\u00e7\u00f5es em termos de identidades, necessidades e conflitos. Muitas vezes o Estado assume a responsabilidade de administrar eventuais conflitos que possam surgir em fun\u00e7\u00e3o dessas diversidades. Na\u00a0<a href=\"https:\/\/www.uninter.com\/radio\/\"><strong>R\u00e1dio Uninter<\/strong><\/a>, o programa\u00a0<strong><a href=\"https:\/\/www.uninter.com\/radio\/category\/humanidades\">Humanidades<\/a><\/strong>\u00a0aborda conte\u00fados que afetam diretamente o dia a dia de diversos grupos sociais, com o intuito de trazer informa\u00e7\u00e3o e quebrar tabus do senso comum.<\/p>\n<p>O programa vai ao ar todas as quartas-feiras, das 14h30 \u00e0s 15 horas, com apresenta\u00e7\u00e3o de Evandro Tosin. Em todas as edi\u00e7\u00f5es, ele recebe um convidado especialista no tema escolhido, que tira d\u00favidas sobre pontos que costumam ser confusos para os cidad\u00e3os.<\/p>\n<p>Na primeira edi\u00e7\u00e3o, o assunto abordado foi pessoas em situa\u00e7\u00e3o de rua, com a presen\u00e7a da professora Neiva Silvana Hack, do curso de\u00a0<strong><a href=\"https:\/\/www.uninter.com\/graduacao-presencial\/curso-servico-social\/?utm_source=uninter-noticias&amp;utm_medium=referral\">Servi\u00e7o Social<\/a><\/strong>\u00a0da\u00a0<strong><a href=\"https:\/\/www.uninter.com\/?utm_source=uninter-noticias&amp;utm_medium=referral\">Uninter<\/a>.<\/strong>\u00a0Coordenadora do projeto POP Rua, ela explicou algumas caracter\u00edsticas e aspectos sociais que levam uma pessoa a estar\u00a0em situa\u00e7\u00e3o de\u00a0rua, e qual o dever do Estado na cria\u00e7\u00e3o de pol\u00edticas p\u00fablicas para melhorar o acesso da popula\u00e7\u00e3o \u00e0 moradia.<\/p>\n<p>O assunto moradia e habita\u00e7\u00e3o social tamb\u00e9m foi tema de um programa na emissora, que recebeu outra professora de\u00a0<strong><a href=\"https:\/\/www.uninter.com\/graduacao-presencial\/curso-servico-social\/?utm_source=uninter-noticias&amp;utm_medium=referral\">Servi\u00e7o Social<\/a><\/strong>\u00a0da\u00a0<strong><a href=\"https:\/\/www.uninter.com\/?utm_source=uninter-noticias&amp;utm_medium=referral\">Uninter<\/a>,<\/strong>\u00a0Valdirene da Rocha Pires. A convidada trouxe \u00e0 tona uma perspectiva diferente de moradia, usando o termo habita\u00e7\u00e3o de interesse social, ou seja, a proposta de moradia de f\u00e1cil acesso a todos.<\/p>\n<p>Um tema bastante confuso e que j\u00e1 produziu v\u00e1rias interpreta\u00e7\u00f5es equivocadas \u00e9 a identidade de g\u00eanero, tamb\u00e9m abordado no programa. O preconceito em rela\u00e7\u00e3o ao tema \u00e9 gerador de viol\u00eancia e exclus\u00e3o, conforme explicou a professora Thayz Concei\u00e7\u00e3o. Ela destaca a urg\u00eancia de a sociedade come\u00e7ar a entender melhor as diversas formas de identidade de g\u00eanero que est\u00e3o presentes em nosso meio, dando voz a cidad\u00e3os que pedem espa\u00e7o e o direito de existir livremente.<\/p>\n<p>Al\u00e9m dessas tem\u00e1ticas, em 2019 o programa tamb\u00e9m tratou da reforma da Previd\u00eancia, da atua\u00e7\u00e3o do terceiro setor, de quest\u00f5es \u00e9tnico-raciais e trabalho infantil. Voc\u00ea pode ouvir todas as edi\u00e7\u00f5es anteriores no site da\u00a0<strong><a href=\"https:\/\/www.uninter.com\/radio\/\">R\u00e1dio Uninter<\/a>\u00a0<\/strong>e tamb\u00e9m no\u00a0<strong><a href=\"https:\/\/www.mixcloud.com\/uninterradio\/?fbclid=IwAR1oRCo-90Vvd4c7zV08EV3i6daOS5qS2i5NJXFfp-gqEtIS3Ys5P0jZAWY\">MixCloud<\/a>.<\/strong><\/p>\n<p>&nbsp;<\/p>\n<p><small>Edi\u00e7\u00e3o:\u00a0<\/small><span class=\"edicao\">Mauri K\u00f6nig<\/span><br \/>\n<small>Revis\u00e3o Textual:\u00a0<strong>Jeferson Ferro<\/strong><\/small><\/p>\n","protected":false},"excerpt":{"rendered":"<p>Vivemos em uma sociedade plural formada por grupos de pessoas com claras distin\u00e7\u00f5es em termos&#8230;<\/p>\n","protected":false},"author":3,"featured_media":28813,"comment_status":"open","ping_status":"open","sticky":false,"template":"","format":"standard","meta":[],"categories":[2306],"tags":[],"_links":{"self":[{"href":"https:\/\/www.uninter.com\/radio\/wp-json\/wp\/v2\/posts\/28865"}],"collection":[{"href":"https:\/\/www.uninter.com\/radio\/wp-json\/wp\/v2\/posts"}],"about":[{"href":"https:\/\/www.uninter.com\/radio\/wp-json\/wp\/v2\/types\/post"}],"author":[{"embeddable":true,"href":"https:\/\/www.uninter.com\/radio\/wp-json\/wp\/v2\/users\/3"}],"replies":[{"embeddable":true,"href":"https:\/\/www.uninter.com\/radio\/wp-json\/wp\/v2\/comments?post=28865"}],"version-history":[{"count":1,"href":"https:\/\/www.uninter.com\/radio\/wp-json\/wp\/v2\/posts\/28865\/revisions"}],"predecessor-version":[{"id":28866,"href":"https:\/\/www.uninter.com\/radio\/wp-json\/wp\/v2\/posts\/28865\/revisions\/28866"}],"wp:featuredmedia":[{"embeddable":true,"href":"https:\/\/www.uninter.com\/radio\/wp-json\/wp\/v2\/media\/28813"}],"wp:attachment":[{"href":"https:\/\/www.uninter.com\/radio\/wp-json\/wp\/v2\/media?parent=28865"}],"wp:term":[{"taxonomy":"category","embeddable":true,"href":"https:\/\/www.uninter.com\/radio\/wp-json\/wp\/v2\/categories?post=28865"},{"taxonomy":"post_tag","embeddable":true,"href":"https:\/\/www.uninter.com\/radio\/wp-json\/wp\/v2\/tags?post=28865"}],"curies":[{"name":"wp","href":"https:\/\/api.w.org\/{rel}","templated":true}]}}