{"id":28863,"date":"2020-05-14T20:21:57","date_gmt":"2020-05-14T23:21:57","guid":{"rendered":"https:\/\/www.uninter.com\/radio\/?p=28863"},"modified":"2020-05-14T20:21:57","modified_gmt":"2020-05-14T23:21:57","slug":"a-cena-underground-faz-a-web-vibrar-na-radio-uninter","status":"publish","type":"post","link":"https:\/\/www.uninter.com\/radio\/a-cena-underground-faz-a-web-vibrar-na-radio-uninter","title":{"rendered":"A cena underground faz a web vibrar na R\u00e1dio Uninter"},"content":{"rendered":"<p>O programa\u00a0<strong><a href=\"https:\/\/www.facebook.com\/nossorockradio\/\">Nosso Rock<\/a><\/strong>\u00a0est\u00e1 na grade de programa\u00e7\u00e3o da\u00a0<strong><a href=\"https:\/\/www.uninter.com\/radio\/\">R\u00e1dio Uninter<\/a><\/strong>\u00a0desde 2013. Com a proposta de dar visibilidade para a cena musical\u00a0<em>underground\u00a0<\/em>de Curitiba (PR), o programa \u00e9 um dos projetos de extens\u00e3o dos cursos de comunica\u00e7\u00e3o da\u00a0<strong><a href=\"https:\/\/www.uninter.com\/?utm_source=uninter-noticias&amp;utm_medium=referral\">Uninter<\/a>,<\/strong>\u00a0e conta com a participa\u00e7\u00e3o de estudantes de\u00a0<b><a href=\"https:\/\/www.uninter.com\/graduacao-ead\/curso-jornalismo\/?utm_source=uninter-noticias&amp;utm_medium=referral\">Jornalismo\u00a0<\/a><\/b>e\u00a0de\u00a0<b><a href=\"https:\/\/www.uninter.com\/graduacao-ead\/curso-publicidade-e-propaganda\/?utm_source=uninter-noticias&amp;utm_medium=referral\">Publicidade e Propaganda<\/a><\/b>.<\/p>\n<p>A transmiss\u00e3o acontece ao vivo todas as quartas-feiras, \u00e0s 18h30, sempre com convidados que fazem parte da cena alternativa da cidade. Desde a reformula\u00e7\u00e3o da\u00a0<strong><a href=\"https:\/\/www.uninter.com\/radio\/\">R\u00e1dio Uninter<\/a><\/strong>, em 25 de setembro de 2019, foram ao ar 11 epis\u00f3dios, incluindo conversas sobre a cultura\u00a0<em>underground<\/em>, o crescimento do movimento alternativo na capital e, claro, muito rock n\u2019 roll.<\/p>\n<p>O multi-instrumentalista\u00a0<strong><a href=\"https:\/\/www.instagram.com\/rodrigo.nickel\/?hl=pt-br\">Rodrigo Nickel<\/a><\/strong>, respons\u00e1vel pelo projeto solo\u00a0<em>Odir Irgel Rock<\/em>, foi o convidado que inaugurou o programa dentro dessa nova fase, no dia 25.set.2019. Guiado pelas apresentadoras Barbara e Bruna, Nickel falou um pouco sobre a import\u00e2ncia da versatilidade dentro do\u00a0<em>rock<\/em>\u00a0e aproveitou o espa\u00e7o para contar hist\u00f3rias da sua carreira e de projetos pessoais.<\/p>\n<p>J\u00e1 na edi\u00e7\u00e3o seguinte, no dia 02.out.2019, a conversa foi marcada pelo tema \u201ccrescimento do rock autoral em Curitiba\u201d. Gi e Jef, apresentadores da vez, receberam a banda\u00a0<strong><a href=\"https:\/\/www.instagram.com\/capsstones________ctba\/?hl=pt-br\">Caps Stones<\/a><\/strong>, que est\u00e1 junta h\u00e1 quase 8 anos, para conversar sobre o tema. Para o grupo, apesar da efetiva melhora dentro do cen\u00e1rio alternativo, ainda falta muito incentivo, principalmente quando se trata de m\u00fasicos autorais.<\/p>\n<p>Apesar do nome, engana-se quem pensa que o\u00a0<strong><a href=\"https:\/\/www.facebook.com\/nossorockradio\/\">Nosso Rock<\/a><\/strong>\u00a0fala apenas do cen\u00e1rio musical. No quinto epis\u00f3dio (23.out.2019), por exemplo, Barbara e Bruna receberam o ilustrador Christiano Carstensen para conversar sobre projetos alternativos da cena\u00a0<em>underground<\/em>. Ele \u00e9 um dos idealizadores do\u00a0<strong><a href=\"https:\/\/www.instagram.com\/cidadefriacwb\/?hl=pt-br\">Cidade Fria<\/a><\/strong>, um projeto sem fins lucrativos que busca reunir, em um livro ilustrado, roteiros, contos e poesias de dezenas de artistas da cena\u00a0<em>underground<\/em>\u00a0curitibana.<\/p>\n<p>Durante esta nova fase, o programa tamb\u00e9m discutiu temas como a fun\u00e7\u00e3o social do rock\u2019n roll<em>,\u00a0<\/em>as transforma\u00e7\u00f5es necess\u00e1rias para se manter na ativa dentro da cena\u00a0<em>underground\u00a0<\/em>e conversou, at\u00e9 mesmo, sobre as pautas politizadas dentro da cena.<\/p>\n<p>A \u00faltima edi\u00e7\u00e3o de 2019, que foi ao ar no dia 18.dez.2019, contou com a presen\u00e7a do produtor e organizador de eventos Marcos Schneider, que conversou com Barbara e Jef sobre a import\u00e2ncia de dar apoio \u00e0s bandas\u00a0<em>undergrounds.\u00a0<\/em>Ele aproveitou para divulgar o primeiro\u00a0<strong><a href=\"https:\/\/www.sympla.com.br\/araucaria-metal-fest__694081\">Arauc\u00e1ria Metal Fest<\/a><\/strong>, festival de rock que acontecer\u00e1 nos dias 8 e 9 de fevereiro de 2020.<\/p>\n<p>O programa Nosso Rock \u00e9 transmitido ao vivo, toda quarta-feira, \u00e0s 18h30, e \u00e9 reprisado \u00e0s segundas (11h30) e \u00e0s sextas (23h), pela\u00a0<strong><a href=\"https:\/\/www.uninter.com\/radio\/\">R\u00e1dio Uninter<\/a><\/strong>. Todas as edi\u00e7\u00f5es do programa foram convertidos em podcast e est\u00e3o dispon\u00edveis no site da emissora para voc\u00ea ouvir quando e onde quiser.<br \/>\n<small>Edi\u00e7\u00e3o:\u00a0<\/small><span class=\"edicao\">Mauri K\u00f6nig<\/span><br \/>\n<small>Revis\u00e3o Textual:\u00a0<strong>Jeferson Ferro<\/strong><\/small><\/p>\n","protected":false},"excerpt":{"rendered":"<p>O programa\u00a0Nosso Rock\u00a0est\u00e1 na grade de programa\u00e7\u00e3o da\u00a0R\u00e1dio Uninter\u00a0desde 2013. Com a proposta de dar&#8230;<\/p>\n","protected":false},"author":3,"featured_media":28790,"comment_status":"open","ping_status":"open","sticky":false,"template":"","format":"standard","meta":[],"categories":[2306],"tags":[2754,2755,2756,2757,100],"_links":{"self":[{"href":"https:\/\/www.uninter.com\/radio\/wp-json\/wp\/v2\/posts\/28863"}],"collection":[{"href":"https:\/\/www.uninter.com\/radio\/wp-json\/wp\/v2\/posts"}],"about":[{"href":"https:\/\/www.uninter.com\/radio\/wp-json\/wp\/v2\/types\/post"}],"author":[{"embeddable":true,"href":"https:\/\/www.uninter.com\/radio\/wp-json\/wp\/v2\/users\/3"}],"replies":[{"embeddable":true,"href":"https:\/\/www.uninter.com\/radio\/wp-json\/wp\/v2\/comments?post=28863"}],"version-history":[{"count":1,"href":"https:\/\/www.uninter.com\/radio\/wp-json\/wp\/v2\/posts\/28863\/revisions"}],"predecessor-version":[{"id":28864,"href":"https:\/\/www.uninter.com\/radio\/wp-json\/wp\/v2\/posts\/28863\/revisions\/28864"}],"wp:featuredmedia":[{"embeddable":true,"href":"https:\/\/www.uninter.com\/radio\/wp-json\/wp\/v2\/media\/28790"}],"wp:attachment":[{"href":"https:\/\/www.uninter.com\/radio\/wp-json\/wp\/v2\/media?parent=28863"}],"wp:term":[{"taxonomy":"category","embeddable":true,"href":"https:\/\/www.uninter.com\/radio\/wp-json\/wp\/v2\/categories?post=28863"},{"taxonomy":"post_tag","embeddable":true,"href":"https:\/\/www.uninter.com\/radio\/wp-json\/wp\/v2\/tags?post=28863"}],"curies":[{"name":"wp","href":"https:\/\/api.w.org\/{rel}","templated":true}]}}