{"id":28859,"date":"2020-05-14T20:18:04","date_gmt":"2020-05-14T23:18:04","guid":{"rendered":"https:\/\/www.uninter.com\/radio\/?p=28859"},"modified":"2020-05-14T20:18:04","modified_gmt":"2020-05-14T23:18:04","slug":"na-radio-uninter-seu-talento-e-o-foco","status":"publish","type":"post","link":"https:\/\/www.uninter.com\/radio\/na-radio-uninter-seu-talento-e-o-foco","title":{"rendered":"Na R\u00e1dio Uninter, seu talento \u00e9 o foco"},"content":{"rendered":"<p>Saber como se preparar para conquistar a vaga de trabalho que almeja e quais requisitos deve cumprir para isso \u00e9 algo essencial para iniciar bem uma carreira profissional. Mas a prepara\u00e7\u00e3o vai muito al\u00e9m dessa etapa: afinal, \u00e9 importante saber tamb\u00e9m como se manter no mercado, al\u00e9m de como desenvolver novas habilidades em sua \u00e1rea de atua\u00e7\u00e3o para crescer profissionalmente.<\/p>\n<p>E \u00e9 para auxiliar a todos com esses objetivos que a mentora de capital humano Erika Lotz desenvolveu o programa\u00a0<a href=\"https:\/\/www.uninter.com\/radio\/category\/talento-em-foco?utm_source=uninter-noticias&amp;utm_medium=referral\"><strong>Talento em Foco<\/strong><\/a>\u00a0na\u00a0<a href=\"https:\/\/www.uninter.com\/radio\/?utm_source=uninter-noticias&amp;utm_medium=referral\"><strong>R\u00e1dio Uninter<\/strong><\/a>, apresentado por B\u00e1rbara Carvalho e Evandro Tosin. Segundo ela, \u201co programa tem como objetivo fazer uma entrega e ajudar as pessoas a criarem uma vis\u00e3o bem objetiva sobre o que elas querem em suas carreiras\u201d.<\/p>\n<p>Ao todo, 11 epis\u00f3dios j\u00e1 foram gravados, em que foram abordados temas que v\u00e3o desde a montagem de curr\u00edculo e reconhecimento no trabalho, os 4Ps do Marketing, at\u00e9 a comunica\u00e7\u00e3o e constru\u00e7\u00e3o de relacionamentos positivos, entre outros t\u00f3picos relevantes no meio profissional.<\/p>\n<p>Por exemplo: voc\u00ea sabe j\u00e1 ouviu falar sobre a Comunica\u00e7\u00e3o N\u00e3o-Violenta ou sabe se \u00e9 fluente em \u2018Girafez\u2019? Esse assunto foi discutido no epis\u00f3dio 7 do programa, e voc\u00ea pode aprender mais sobre o tema clicando\u00a0<a href=\"https:\/\/www.uninter.com\/radio\/talento-em-foco-7?utm_source=uninter-noticias&amp;utm_medium=referral\"><strong>aqui<\/strong><\/a>.<\/p>\n<p>Al\u00e9m disso, dois convidados especiais j\u00e1 estiveram no est\u00fadio com Erika. Daniel Poit, economista e especialista em Engenharia de Qualidade, participou em dois epis\u00f3dios para falar sobre o jovem no mercado de trabalho e sobre organiza\u00e7\u00e3o pessoal e financeira. J\u00e1 a consultora comercial Leticia Gaijutis falou sobre como aprimorar seu perfil no Linkedin.<\/p>\n<p>\u201cEu sou muito apaixonada pelas pessoas e seus sucessos, ent\u00e3o \u00e9 muito bacana entregarmos esse conhecimento e algo que possa contribuir com a vida de algu\u00e9m\u201d, diz Erika. O programa vai ao ar nas segundas-feiras \u00e0s 16h, live no\u00a0<a href=\"https:\/\/www.facebook.com\/radiouninter\/?utm_source=uninter-noticias&amp;utm_medium=referral\"><strong>Facebook<\/strong><\/a>\u00a0da r\u00e1dio, e \u00e9 tamb\u00e9m disponibilizado em formato de\u00a0<em>podcast<\/em>\u00a0no site da\u00a0<a href=\"https:\/\/www.uninter.com\/radio\/?utm_source=uninter-noticias&amp;utm_medium=referral\"><strong>R\u00e1dio Uninter<\/strong><\/a>. Durante o per\u00edodo de distanciamento social, n\u00e3o est\u00e3o sendo gravadas novas edi\u00e7\u00f5es, mas voc\u00ea pode conferir todos os epis\u00f3dios j\u00e1 gravados no site da r\u00e1dio.<\/p>\n<div class=\"heateorSssClear\"><\/div>\n<p><small>Edi\u00e7\u00e3o:\u00a0<\/small><span class=\"edicao\">Mauri K\u00f6nig<\/span><br \/>\n<small>Revis\u00e3o Textual:\u00a0<strong>Jeferson Ferro<\/strong><\/small><\/p>\n","protected":false},"excerpt":{"rendered":"<p>Saber como se preparar para conquistar a vaga de trabalho que almeja e quais requisitos&#8230;<\/p>\n","protected":false},"author":3,"featured_media":28477,"comment_status":"open","ping_status":"open","sticky":false,"template":"","format":"standard","meta":[],"categories":[2306],"tags":[2750,2751,2752,2753,100],"_links":{"self":[{"href":"https:\/\/www.uninter.com\/radio\/wp-json\/wp\/v2\/posts\/28859"}],"collection":[{"href":"https:\/\/www.uninter.com\/radio\/wp-json\/wp\/v2\/posts"}],"about":[{"href":"https:\/\/www.uninter.com\/radio\/wp-json\/wp\/v2\/types\/post"}],"author":[{"embeddable":true,"href":"https:\/\/www.uninter.com\/radio\/wp-json\/wp\/v2\/users\/3"}],"replies":[{"embeddable":true,"href":"https:\/\/www.uninter.com\/radio\/wp-json\/wp\/v2\/comments?post=28859"}],"version-history":[{"count":1,"href":"https:\/\/www.uninter.com\/radio\/wp-json\/wp\/v2\/posts\/28859\/revisions"}],"predecessor-version":[{"id":28860,"href":"https:\/\/www.uninter.com\/radio\/wp-json\/wp\/v2\/posts\/28859\/revisions\/28860"}],"wp:featuredmedia":[{"embeddable":true,"href":"https:\/\/www.uninter.com\/radio\/wp-json\/wp\/v2\/media\/28477"}],"wp:attachment":[{"href":"https:\/\/www.uninter.com\/radio\/wp-json\/wp\/v2\/media?parent=28859"}],"wp:term":[{"taxonomy":"category","embeddable":true,"href":"https:\/\/www.uninter.com\/radio\/wp-json\/wp\/v2\/categories?post=28859"},{"taxonomy":"post_tag","embeddable":true,"href":"https:\/\/www.uninter.com\/radio\/wp-json\/wp\/v2\/tags?post=28859"}],"curies":[{"name":"wp","href":"https:\/\/api.w.org\/{rel}","templated":true}]}}