{"id":28854,"date":"2020-05-14T19:59:48","date_gmt":"2020-05-14T22:59:48","guid":{"rendered":"https:\/\/www.uninter.com\/radio\/?p=28854"},"modified":"2020-05-14T19:59:48","modified_gmt":"2020-05-14T22:59:48","slug":"conversa-com-o-reitor-busca-integrar-o-universo-academico","status":"publish","type":"post","link":"https:\/\/www.uninter.com\/radio\/conversa-com-o-reitor-busca-integrar-o-universo-academico","title":{"rendered":"Conversa com o Reitor busca integrar o universo acad\u00eamico"},"content":{"rendered":"<p>A\u00a0<strong><a href=\"https:\/\/www.uninter.com\/?utm_source=uninter-noticias&amp;utm_medium=referral\">Uninter<\/a><\/strong>\u00a0possui polos de educa\u00e7\u00e3o a dist\u00e2ncia instalados em mais de 700 munic\u00edpios e est\u00e1 presente em todos os estados do Brasil, al\u00e9m de contar com 8 polos nos Estados Unidos. Ao todo s\u00e3o cerca de 240 mil alunos matriculados nos mais de 400 cursos de gradua\u00e7\u00e3o, p\u00f3s-gradua\u00e7\u00e3o e extens\u00e3o.<\/p>\n<p>Buscando integrar toda a comunidade acad\u00eamica, a\u00a0<strong><a href=\"https:\/\/uninter.com\/radio\/?utm_source=uninter-noticias&amp;utm_medium=referral\">R\u00e1dio Uninter<\/a><\/strong>\u00a0apresenta semanalmente o programa\u00a0<a href=\"https:\/\/www.uninter.com\/radio\/category\/conversa-com-o-reitor\/?utm_source=uninter-noticias&amp;utm_medium=referral\"><strong>Conversa com o Reitor<\/strong><\/a>. Ao abordar temas relacionados ao mundo da educa\u00e7\u00e3o, contando com participa\u00e7\u00f5es ao vivo de representantes dos polos acad\u00eamicos e convidados especiais, o reitor Benhur Gaio abre mais um canal de informa\u00e7\u00e3o para o p\u00fablico.<\/p>\n<p>Em um dos programas, Benhur apresentou detalhes dos novos cursos da\u00a0<strong><a href=\"https:\/\/www.uninter.com\/?utm_source=uninter-noticias&amp;utm_medium=referral\">Uninter<\/a><\/strong>\u00a0na \u00e1rea de sa\u00fade e explicou o funcionamento do superpolo desenvolvido para Curitiba e regi\u00e3o. Atrav\u00e9s de um bate papo com os gestores dos polos de Porto Seguro (BA) e Macap\u00e1 (AP), tamb\u00e9m anunciou a implanta\u00e7\u00e3o de uma nova Unidade Tem\u00e1tica de Aprendizagem (UTA) para calouros.<\/p>\n<p>Outro programa trouxe uma intera\u00e7\u00e3o com o polo de Boston, em Massachusetts (EUA). O reitor respondeu perguntas de uma aluna do polo e aproveitou para comentar a\u00a0<strong><a href=\"https:\/\/www.uninter.com\/noticias\/uninter-expande-atuacao-nos-estados-unidos\/?utm_source=uninter-noticias&amp;utm_medium=referral\">internacionaliza\u00e7\u00e3o<\/a><\/strong>\u00a0da institui\u00e7\u00e3o. A edi\u00e7\u00e3o contou ainda com a presen\u00e7a de Marlus Geronasso, diretor da Uninter TEC, nova escola da\u00a0<strong><a href=\"https:\/\/www.uninter.com\/?utm_source=uninter-noticias&amp;utm_medium=referral\">Uninter<\/a><\/strong>\u00a0respons\u00e1vel pelos cursos t\u00e9cnicos da institui\u00e7\u00e3o.<\/p>\n<p>Na terceira edi\u00e7\u00e3o, Benhur recebeu a diretora da Escola Superior de Educa\u00e7\u00e3o, Dinamara Machado. Durante o programa eles esclareceram a reformula\u00e7\u00e3o das Diretrizes Curriculares Nacionais pelo Minist\u00e9rio da Educa\u00e7\u00e3o, tirando d\u00favidas dos ouvintes sobre a impossibilidade de concluir os cursos de licenciatura em menos de 4 anos.<\/p>\n<p>No m\u00eas de fevereiro, antes da pandemia do novo coronav\u00edrus, mais dois convidados marcaram presen\u00e7a no programa: Cristiano Cavei\u00e3o, coordenador da \u00e1rea de\u00a0<strong><a href=\"https:\/\/www.uninter.com\/noticias\/conheca-os-5-novos-cursos-da-escola-de-saude-da-uninter\/?utm_source=uninter-noticias&amp;utm_medium=referral\">Sa\u00fade<\/a><\/strong>\u00a0da\u00a0<strong><a href=\"https:\/\/www.uninter.com\/?utm_source=uninter-noticias&amp;utm_medium=referral\">Uninter<\/a><\/strong>, e Maria Tereza Cordeiro, coordenadora da\u00a0<strong><a href=\"https:\/\/www.uninter.com\/eja\/?utm_source=uninter-noticias&amp;utm_medium=referral\">Educa\u00e7\u00e3o de Jovens e Adultos<\/a><\/strong>\u00a0(EJA).<\/p>\n<p>Na primeira edi\u00e7\u00e3o de mar\u00e7o, o programa recebeu o professor Nelson Castanheira, pr\u00f3-reitor de p\u00f3s-gradua\u00e7\u00e3o, pesquisa e extens\u00e3o, que trouxe detalhes sobre os programas de p\u00f3s gradua\u00e7\u00e3o\u00a0<em>Stricto Sensu.\u00a0<\/em>Ao conversar com Benhur sobre as expectativas para novos cursos de mestrado e doutorado da Uninter, esclareceu as especificidades das diferentes titula\u00e7\u00f5es.<\/p>\n<p>No dia 14, foi a vez da professora do curso de\u00a0<strong><a href=\"https:\/\/www.uninter.com\/graduacao-ead\/curso-jornalismo\/?utm_source=uninter-noticias&amp;utm_medium=referral\">Jornalismo<\/a><\/strong>\u00a0Karine Moura (na foto com Benhur) participar da\u00a0<a href=\"https:\/\/www.uninter.com\/radio\/category\/conversa-com-o-reitor\/?utm_source=uninter-noticias&amp;utm_medium=referral\"><strong>Conversa com o Reitor<\/strong><\/a>. Ela teve a oportunidade de apresentar aos ouvintes a atividade pr\u00e1tica desenvolvida no curso que levou alunos da\u00a0<strong><a href=\"https:\/\/www.uninter.com\/?utm_source=uninter-noticias&amp;utm_medium=referral\">Uninter<\/a><\/strong>\u00a0a escolas de ensino m\u00e9dio para falar sobre os desafios da profiss\u00e3o que escolheram. Nesta edi\u00e7\u00e3o, Benhur ainda conversou com Helo\u00edsa Barros, gestora no novo polo da\u00a0<strong><a href=\"https:\/\/www.uninter.com\/?utm_source=uninter-noticias&amp;utm_medium=referral\">Uninter<\/a><\/strong>\u00a0na Rocinha, na cidade do Rio de Janeiro.<\/p>\n<p>Para fechar o m\u00eas, a convidada foi Lindsay Azambuja. A diretora da Editora Intersaberes esteve no est\u00fadio com o reitor para apresentar o\u00a0<strong><a href=\"https:\/\/www.uninter.com\/noticias\/chegou-o-liberi-leitor-inteligente-de-e-books-para-alunos-da-uninter\/?utm_source=uninter-noticias&amp;utm_medium=referral\">Liberi<\/a>,<\/strong>\u00a0o leitor inteligente de e-books para alunos da\u00a0<strong><a href=\"https:\/\/www.uninter.com\/?utm_source=uninter-noticias&amp;utm_medium=referral\">Uninter<\/a><\/strong>.<\/p>\n<p>Por causa da condi\u00e7\u00e3o de isolamento social, a grava\u00e7\u00e3o dos programas da\u00a0<strong><a href=\"https:\/\/www.uninter.com\/radio\/\">R\u00e1dio Uninter<\/a><\/strong>\u00a0foi temporariamente suspensa, mas voc\u00ea pode ouvir todas as edi\u00e7\u00f5es anteriores do programa\u00a0<strong><a href=\"https:\/\/www.uninter.com\/radio\/category\/conversa-com-o-reitor?utm_source=uninter-noticias&amp;utm_medium=referral\">Conversa como Reitor<\/a><\/strong>\u00a0no site.<\/p>\n<div><\/div>\n<p><small>Autor:\u00a0<\/small><span id=\"autor\">B\u00e1rbara Possiede &#8211; Estagi\u00e1ria de Jornalismo<\/span><br \/>\n<small>Edi\u00e7\u00e3o:\u00a0<\/small><span class=\"edicao\">Mauri K\u00f6nig<\/span><br \/>\n<small>Revis\u00e3o Textual:\u00a0<strong>Jeferson Ferro<\/strong><\/small><\/p>\n","protected":false},"excerpt":{"rendered":"<p>A\u00a0Uninter\u00a0possui polos de educa\u00e7\u00e3o a dist\u00e2ncia instalados em mais de 700 munic\u00edpios e est\u00e1 presente&#8230;<\/p>\n","protected":false},"author":3,"featured_media":28645,"comment_status":"open","ping_status":"open","sticky":false,"template":"","format":"standard","meta":[],"categories":[2306],"tags":[],"_links":{"self":[{"href":"https:\/\/www.uninter.com\/radio\/wp-json\/wp\/v2\/posts\/28854"}],"collection":[{"href":"https:\/\/www.uninter.com\/radio\/wp-json\/wp\/v2\/posts"}],"about":[{"href":"https:\/\/www.uninter.com\/radio\/wp-json\/wp\/v2\/types\/post"}],"author":[{"embeddable":true,"href":"https:\/\/www.uninter.com\/radio\/wp-json\/wp\/v2\/users\/3"}],"replies":[{"embeddable":true,"href":"https:\/\/www.uninter.com\/radio\/wp-json\/wp\/v2\/comments?post=28854"}],"version-history":[{"count":1,"href":"https:\/\/www.uninter.com\/radio\/wp-json\/wp\/v2\/posts\/28854\/revisions"}],"predecessor-version":[{"id":28855,"href":"https:\/\/www.uninter.com\/radio\/wp-json\/wp\/v2\/posts\/28854\/revisions\/28855"}],"wp:featuredmedia":[{"embeddable":true,"href":"https:\/\/www.uninter.com\/radio\/wp-json\/wp\/v2\/media\/28645"}],"wp:attachment":[{"href":"https:\/\/www.uninter.com\/radio\/wp-json\/wp\/v2\/media?parent=28854"}],"wp:term":[{"taxonomy":"category","embeddable":true,"href":"https:\/\/www.uninter.com\/radio\/wp-json\/wp\/v2\/categories?post=28854"},{"taxonomy":"post_tag","embeddable":true,"href":"https:\/\/www.uninter.com\/radio\/wp-json\/wp\/v2\/tags?post=28854"}],"curies":[{"name":"wp","href":"https:\/\/api.w.org\/{rel}","templated":true}]}}