{"id":28823,"date":"2020-05-08T20:11:26","date_gmt":"2020-05-08T23:11:26","guid":{"rendered":"https:\/\/www.uninter.com\/radio\/?p=28823"},"modified":"2021-01-29T13:30:04","modified_gmt":"2021-01-29T16:30:04","slug":"uninter-entrevista-5","status":"publish","type":"post","link":"https:\/\/www.uninter.com\/radio\/uninter-entrevista-5","title":{"rendered":"Uninter Entrevista #5"},"content":{"rendered":"<p>Ismael Tavernaro Filho \u00e9\u00a0 aluno de Licenciatura em Filosofia na modalidade de educa\u00e7\u00e3o \u00e0 dist\u00e2ncia,\u00a0 \u00e9 autor de sete livros infantis e de filosofia, ocupa a cadeira n\u00ba 28 da Academia Independente de Letras do Brasil. Ismael \u00e9 residente de Cerqueira C\u00e9sar (SP), interior de S\u00e3o Paulo, e frequenta o polo da Uninter em Avar\u00e9 (SP).<\/p>\n<!--[if lt IE 9]><script>document.createElement('audio');<\/script><![endif]-->\n<audio class=\"wp-audio-shortcode\" id=\"audio-28823-1\" preload=\"none\" style=\"width: 100%;\" controls=\"controls\"><source type=\"audio\/mpeg\" src=\"https:\/\/www.uninter.com\/radio\/wp-content\/uploads\/2020\/05\/03-12-2019-Uninter-Entrevista-Ismael-Tavernaro-Filho-OK.mp3?_=1\" \/><a href=\"https:\/\/www.uninter.com\/radio\/wp-content\/uploads\/2020\/05\/03-12-2019-Uninter-Entrevista-Ismael-Tavernaro-Filho-OK.mp3\">https:\/\/www.uninter.com\/radio\/wp-content\/uploads\/2020\/05\/03-12-2019-Uninter-Entrevista-Ismael-Tavernaro-Filho-OK.mp3<\/a><\/audio>\n","protected":false},"excerpt":{"rendered":"<p>Ismael Tavernaro Filho \u00e9\u00a0 aluno de Licenciatura em Filosofia na modalidade de educa\u00e7\u00e3o \u00e0 dist\u00e2ncia,\u00a0&#8230;<\/p>\n","protected":false},"author":12,"featured_media":30579,"comment_status":"open","ping_status":"open","sticky":false,"template":"","format":"standard","meta":[],"categories":[2734],"tags":[],"_links":{"self":[{"href":"https:\/\/www.uninter.com\/radio\/wp-json\/wp\/v2\/posts\/28823"}],"collection":[{"href":"https:\/\/www.uninter.com\/radio\/wp-json\/wp\/v2\/posts"}],"about":[{"href":"https:\/\/www.uninter.com\/radio\/wp-json\/wp\/v2\/types\/post"}],"author":[{"embeddable":true,"href":"https:\/\/www.uninter.com\/radio\/wp-json\/wp\/v2\/users\/12"}],"replies":[{"embeddable":true,"href":"https:\/\/www.uninter.com\/radio\/wp-json\/wp\/v2\/comments?post=28823"}],"version-history":[{"count":1,"href":"https:\/\/www.uninter.com\/radio\/wp-json\/wp\/v2\/posts\/28823\/revisions"}],"predecessor-version":[{"id":28824,"href":"https:\/\/www.uninter.com\/radio\/wp-json\/wp\/v2\/posts\/28823\/revisions\/28824"}],"wp:featuredmedia":[{"embeddable":true,"href":"https:\/\/www.uninter.com\/radio\/wp-json\/wp\/v2\/media\/30579"}],"wp:attachment":[{"href":"https:\/\/www.uninter.com\/radio\/wp-json\/wp\/v2\/media?parent=28823"}],"wp:term":[{"taxonomy":"category","embeddable":true,"href":"https:\/\/www.uninter.com\/radio\/wp-json\/wp\/v2\/categories?post=28823"},{"taxonomy":"post_tag","embeddable":true,"href":"https:\/\/www.uninter.com\/radio\/wp-json\/wp\/v2\/tags?post=28823"}],"curies":[{"name":"wp","href":"https:\/\/api.w.org\/{rel}","templated":true}]}}