{"id":28814,"date":"2020-05-08T17:14:39","date_gmt":"2020-05-08T20:14:39","guid":{"rendered":"https:\/\/www.uninter.com\/radio\/?p=28814"},"modified":"2021-01-29T13:30:16","modified_gmt":"2021-01-29T16:30:16","slug":"uninter-entrevista-4","status":"publish","type":"post","link":"https:\/\/www.uninter.com\/radio\/uninter-entrevista-4","title":{"rendered":"Uninter Entrevista #4"},"content":{"rendered":"<p>Em comemora\u00e7\u00e3o ao \u201cDia do Livro\u201d em 29 de outubro, a conversa foi com o escritor e jornalista Jos\u00e9 Carlos Fernandes. Como est\u00e1 a leitura da popula\u00e7\u00e3o brasileira?<\/p>\n<!--[if lt IE 9]><script>document.createElement('audio');<\/script><![endif]-->\n<audio class=\"wp-audio-shortcode\" id=\"audio-28814-1\" preload=\"none\" style=\"width: 100%;\" controls=\"controls\"><source type=\"audio\/mpeg\" src=\"https:\/\/www.uninter.com\/radio\/wp-content\/uploads\/2020\/05\/29-10-2019-Uninter-Entrevista-Jose-Carlos-Fernandes-OK.mp3?_=1\" \/><a href=\"https:\/\/www.uninter.com\/radio\/wp-content\/uploads\/2020\/05\/29-10-2019-Uninter-Entrevista-Jose-Carlos-Fernandes-OK.mp3\">https:\/\/www.uninter.com\/radio\/wp-content\/uploads\/2020\/05\/29-10-2019-Uninter-Entrevista-Jose-Carlos-Fernandes-OK.mp3<\/a><\/audio>\n","protected":false},"excerpt":{"rendered":"<p>Em comemora\u00e7\u00e3o ao \u201cDia do Livro\u201d em 29 de outubro, a conversa foi com o&#8230;<\/p>\n","protected":false},"author":12,"featured_media":30579,"comment_status":"open","ping_status":"open","sticky":false,"template":"","format":"standard","meta":[],"categories":[2734],"tags":[],"_links":{"self":[{"href":"https:\/\/www.uninter.com\/radio\/wp-json\/wp\/v2\/posts\/28814"}],"collection":[{"href":"https:\/\/www.uninter.com\/radio\/wp-json\/wp\/v2\/posts"}],"about":[{"href":"https:\/\/www.uninter.com\/radio\/wp-json\/wp\/v2\/types\/post"}],"author":[{"embeddable":true,"href":"https:\/\/www.uninter.com\/radio\/wp-json\/wp\/v2\/users\/12"}],"replies":[{"embeddable":true,"href":"https:\/\/www.uninter.com\/radio\/wp-json\/wp\/v2\/comments?post=28814"}],"version-history":[{"count":1,"href":"https:\/\/www.uninter.com\/radio\/wp-json\/wp\/v2\/posts\/28814\/revisions"}],"predecessor-version":[{"id":28817,"href":"https:\/\/www.uninter.com\/radio\/wp-json\/wp\/v2\/posts\/28814\/revisions\/28817"}],"wp:featuredmedia":[{"embeddable":true,"href":"https:\/\/www.uninter.com\/radio\/wp-json\/wp\/v2\/media\/30579"}],"wp:attachment":[{"href":"https:\/\/www.uninter.com\/radio\/wp-json\/wp\/v2\/media?parent=28814"}],"wp:term":[{"taxonomy":"category","embeddable":true,"href":"https:\/\/www.uninter.com\/radio\/wp-json\/wp\/v2\/categories?post=28814"},{"taxonomy":"post_tag","embeddable":true,"href":"https:\/\/www.uninter.com\/radio\/wp-json\/wp\/v2\/tags?post=28814"}],"curies":[{"name":"wp","href":"https:\/\/api.w.org\/{rel}","templated":true}]}}