{"id":28718,"date":"2020-04-17T12:48:35","date_gmt":"2020-04-17T15:48:35","guid":{"rendered":"https:\/\/www.uninter.com\/radio\/?p=28718"},"modified":"2020-06-01T10:26:18","modified_gmt":"2020-06-01T13:26:18","slug":"contra-informacao14","status":"publish","type":"post","link":"https:\/\/www.uninter.com\/radio\/contra-informacao14","title":{"rendered":"Contrainforma\u00e7\u00e3o #14"},"content":{"rendered":"<p>Quais os dilemas da\u00a0 cobertura jornal\u00edstica na pandemia?\u00a0O jornalismo se torna um tema central, redu\u00e7\u00e3o da quantidade de programas de entretenimento e aten\u00e7\u00e3o no p\u00fablico o para consumo de produtos\u00a0de informa\u00e7\u00e3o. Em emissoras de r\u00e1dio e TV o jornalismo ganhou um espa\u00e7o maior, a percep\u00e7\u00e3o de como ele \u00e9 importante para o cotidiano da sociedade. Manter ou n\u00e3o programa\u00e7\u00e3o atual?<\/p>\n<!--[if lt IE 9]><script>document.createElement('audio');<\/script><![endif]-->\n<audio class=\"wp-audio-shortcode\" id=\"audio-28718-1\" preload=\"none\" style=\"width: 100%;\" controls=\"controls\"><source type=\"audio\/mpeg\" src=\"https:\/\/www.uninter.com\/radio\/wp-content\/uploads\/2020\/04\/08-04-2020-Contra-informacao.mp3?_=1\" \/><a href=\"https:\/\/www.uninter.com\/radio\/wp-content\/uploads\/2020\/04\/08-04-2020-Contra-informacao.mp3\">https:\/\/www.uninter.com\/radio\/wp-content\/uploads\/2020\/04\/08-04-2020-Contra-informacao.mp3<\/a><\/audio>\n","protected":false},"excerpt":{"rendered":"<p>Quais os dilemas da\u00a0 cobertura jornal\u00edstica na pandemia?\u00a0O jornalismo se torna um tema central, redu\u00e7\u00e3o&#8230;<\/p>\n","protected":false},"author":12,"featured_media":30522,"comment_status":"open","ping_status":"open","sticky":false,"template":"","format":"standard","meta":[],"categories":[2693],"tags":[],"_links":{"self":[{"href":"https:\/\/www.uninter.com\/radio\/wp-json\/wp\/v2\/posts\/28718"}],"collection":[{"href":"https:\/\/www.uninter.com\/radio\/wp-json\/wp\/v2\/posts"}],"about":[{"href":"https:\/\/www.uninter.com\/radio\/wp-json\/wp\/v2\/types\/post"}],"author":[{"embeddable":true,"href":"https:\/\/www.uninter.com\/radio\/wp-json\/wp\/v2\/users\/12"}],"replies":[{"embeddable":true,"href":"https:\/\/www.uninter.com\/radio\/wp-json\/wp\/v2\/comments?post=28718"}],"version-history":[{"count":5,"href":"https:\/\/www.uninter.com\/radio\/wp-json\/wp\/v2\/posts\/28718\/revisions"}],"predecessor-version":[{"id":28961,"href":"https:\/\/www.uninter.com\/radio\/wp-json\/wp\/v2\/posts\/28718\/revisions\/28961"}],"wp:featuredmedia":[{"embeddable":true,"href":"https:\/\/www.uninter.com\/radio\/wp-json\/wp\/v2\/media\/30522"}],"wp:attachment":[{"href":"https:\/\/www.uninter.com\/radio\/wp-json\/wp\/v2\/media?parent=28718"}],"wp:term":[{"taxonomy":"category","embeddable":true,"href":"https:\/\/www.uninter.com\/radio\/wp-json\/wp\/v2\/categories?post=28718"},{"taxonomy":"post_tag","embeddable":true,"href":"https:\/\/www.uninter.com\/radio\/wp-json\/wp\/v2\/tags?post=28718"}],"curies":[{"name":"wp","href":"https:\/\/api.w.org\/{rel}","templated":true}]}}