{"id":28668,"date":"2020-03-18T13:48:26","date_gmt":"2020-03-18T16:48:26","guid":{"rendered":"https:\/\/www.uninter.com\/radio\/?p=28668"},"modified":"2020-03-18T13:48:41","modified_gmt":"2020-03-18T16:48:41","slug":"estacao-sustentavel-14","status":"publish","type":"post","link":"https:\/\/www.uninter.com\/radio\/estacao-sustentavel-14","title":{"rendered":"Esta\u00e7\u00e3o Sustent\u00e1vel #14"},"content":{"rendered":"<p>Nesta edi\u00e7\u00e3o do Esta\u00e7\u00e3o Sustent\u00e1vel de hoje, vamos falar sobre fen\u00f4menos naturais e qual a rela\u00e7\u00e3o deles com o coronav\u00edrus, com Andr\u00e9 Pelanda e Rodrigo Bert\u00e9. Acompanhe!<\/p>\n<!--[if lt IE 9]><script>document.createElement('audio');<\/script><![endif]-->\n<audio class=\"wp-audio-shortcode\" id=\"audio-28668-1\" preload=\"none\" style=\"width: 100%;\" controls=\"controls\"><source type=\"audio\/mpeg\" src=\"https:\/\/www.uninter.com\/radio\/wp-content\/uploads\/2020\/03\/16.03.2020-Estacao-Sustentavel.mp3?_=1\" \/><a href=\"https:\/\/www.uninter.com\/radio\/wp-content\/uploads\/2020\/03\/16.03.2020-Estacao-Sustentavel.mp3\">https:\/\/www.uninter.com\/radio\/wp-content\/uploads\/2020\/03\/16.03.2020-Estacao-Sustentavel.mp3<\/a><\/audio>\n","protected":false},"excerpt":{"rendered":"<p>Nesta edi\u00e7\u00e3o do Esta\u00e7\u00e3o Sustent\u00e1vel de hoje, vamos falar sobre fen\u00f4menos naturais e qual a&#8230;<\/p>\n","protected":false},"author":3,"featured_media":30524,"comment_status":"open","ping_status":"open","sticky":false,"template":"","format":"standard","meta":[],"categories":[2705],"tags":[],"_links":{"self":[{"href":"https:\/\/www.uninter.com\/radio\/wp-json\/wp\/v2\/posts\/28668"}],"collection":[{"href":"https:\/\/www.uninter.com\/radio\/wp-json\/wp\/v2\/posts"}],"about":[{"href":"https:\/\/www.uninter.com\/radio\/wp-json\/wp\/v2\/types\/post"}],"author":[{"embeddable":true,"href":"https:\/\/www.uninter.com\/radio\/wp-json\/wp\/v2\/users\/3"}],"replies":[{"embeddable":true,"href":"https:\/\/www.uninter.com\/radio\/wp-json\/wp\/v2\/comments?post=28668"}],"version-history":[{"count":1,"href":"https:\/\/www.uninter.com\/radio\/wp-json\/wp\/v2\/posts\/28668\/revisions"}],"predecessor-version":[{"id":28670,"href":"https:\/\/www.uninter.com\/radio\/wp-json\/wp\/v2\/posts\/28668\/revisions\/28670"}],"wp:featuredmedia":[{"embeddable":true,"href":"https:\/\/www.uninter.com\/radio\/wp-json\/wp\/v2\/media\/30524"}],"wp:attachment":[{"href":"https:\/\/www.uninter.com\/radio\/wp-json\/wp\/v2\/media?parent=28668"}],"wp:term":[{"taxonomy":"category","embeddable":true,"href":"https:\/\/www.uninter.com\/radio\/wp-json\/wp\/v2\/categories?post=28668"},{"taxonomy":"post_tag","embeddable":true,"href":"https:\/\/www.uninter.com\/radio\/wp-json\/wp\/v2\/tags?post=28668"}],"curies":[{"name":"wp","href":"https:\/\/api.w.org\/{rel}","templated":true}]}}