{"id":28665,"date":"2020-03-17T14:45:37","date_gmt":"2020-03-17T17:45:37","guid":{"rendered":"https:\/\/www.uninter.com\/radio\/?p=28665"},"modified":"2020-05-26T18:49:26","modified_gmt":"2020-05-26T21:49:26","slug":"inclusao-em-rede-4","status":"publish","type":"post","link":"https:\/\/www.uninter.com\/radio\/inclusao-em-rede-4","title":{"rendered":"Inclus\u00e3o em Rede #4"},"content":{"rendered":"<p>Neste epis\u00f3dio do Inclus\u00e3o em Rede, voc\u00ea fica sabendo como funciona o processo de edi\u00e7\u00e3o dos v\u00eddeos, a janela para Int\u00e9rprete de Libras para alunos surdos, com Leomar Zuravski, Dan Marcos Moreira e Jos\u00e9 Rafael Lunkes. Confira!<\/p>\n<!--[if lt IE 9]><script>document.createElement('audio');<\/script><![endif]-->\n<audio class=\"wp-audio-shortcode\" id=\"audio-28665-1\" preload=\"none\" style=\"width: 100%;\" controls=\"controls\"><source type=\"audio\/mpeg\" src=\"https:\/\/www.uninter.com\/radio\/wp-content\/uploads\/2020\/03\/13.03.2020-Inclusao-em-Rede.mp3?_=1\" \/><a href=\"https:\/\/www.uninter.com\/radio\/wp-content\/uploads\/2020\/03\/13.03.2020-Inclusao-em-Rede.mp3\">https:\/\/www.uninter.com\/radio\/wp-content\/uploads\/2020\/03\/13.03.2020-Inclusao-em-Rede.mp3<\/a><\/audio>\n","protected":false},"excerpt":{"rendered":"<p>Neste epis\u00f3dio do Inclus\u00e3o em Rede, voc\u00ea fica sabendo como funciona o processo de edi\u00e7\u00e3o&#8230;<\/p>\n","protected":false},"author":3,"featured_media":30530,"comment_status":"open","ping_status":"open","sticky":false,"template":"","format":"standard","meta":[],"categories":[2727],"tags":[],"_links":{"self":[{"href":"https:\/\/www.uninter.com\/radio\/wp-json\/wp\/v2\/posts\/28665"}],"collection":[{"href":"https:\/\/www.uninter.com\/radio\/wp-json\/wp\/v2\/posts"}],"about":[{"href":"https:\/\/www.uninter.com\/radio\/wp-json\/wp\/v2\/types\/post"}],"author":[{"embeddable":true,"href":"https:\/\/www.uninter.com\/radio\/wp-json\/wp\/v2\/users\/3"}],"replies":[{"embeddable":true,"href":"https:\/\/www.uninter.com\/radio\/wp-json\/wp\/v2\/comments?post=28665"}],"version-history":[{"count":1,"href":"https:\/\/www.uninter.com\/radio\/wp-json\/wp\/v2\/posts\/28665\/revisions"}],"predecessor-version":[{"id":28667,"href":"https:\/\/www.uninter.com\/radio\/wp-json\/wp\/v2\/posts\/28665\/revisions\/28667"}],"wp:featuredmedia":[{"embeddable":true,"href":"https:\/\/www.uninter.com\/radio\/wp-json\/wp\/v2\/media\/30530"}],"wp:attachment":[{"href":"https:\/\/www.uninter.com\/radio\/wp-json\/wp\/v2\/media?parent=28665"}],"wp:term":[{"taxonomy":"category","embeddable":true,"href":"https:\/\/www.uninter.com\/radio\/wp-json\/wp\/v2\/categories?post=28665"},{"taxonomy":"post_tag","embeddable":true,"href":"https:\/\/www.uninter.com\/radio\/wp-json\/wp\/v2\/tags?post=28665"}],"curies":[{"name":"wp","href":"https:\/\/api.w.org\/{rel}","templated":true}]}}