{"id":28578,"date":"2020-03-13T18:06:30","date_gmt":"2020-03-13T21:06:30","guid":{"rendered":"https:\/\/www.uninter.com\/radio\/?p=28578"},"modified":"2020-03-13T18:13:10","modified_gmt":"2020-03-13T21:13:10","slug":"a-dinamica-do-radio-ajuda-a-entender-as-transformacoes-que-movem-o-pais","status":"publish","type":"post","link":"https:\/\/www.uninter.com\/radio\/a-dinamica-do-radio-ajuda-a-entender-as-transformacoes-que-movem-o-pais","title":{"rendered":"A din\u00e2mica do r\u00e1dio ajuda a entender as transforma\u00e7\u00f5es que movem o pa\u00eds"},"content":{"rendered":"<p>O Brasil \u00e9 um pa\u00eds em desenvolvimento, e passa por transforma\u00e7\u00f5es constantes em pequena e grande escala. Para compreender melhor essas mudan\u00e7as e seus impactos em nossas vidas, os coordenadores dos cursos de\u00a0<strong><a href=\"https:\/\/www.uninter.com\/pos-graduacao\/?utm_source=uninter-noticias&amp;utm_medium=referral\">P\u00f3s-Gradua\u00e7\u00e3o Lato Sensu<\/a><\/strong>\u00a0da\u00a0<strong><a href=\"https:\/\/www.uninter.com\/?utm_source=uninter-noticias&amp;utm_medium=referral\">Uninter<\/a><\/strong>\u00a0lan\u00e7aram o programa\u00a0<strong><a href=\"https:\/\/www.uninter.com\/radio\/category\/brasil-nosso-pais-em-transformacao\">Brasil: nosso pa\u00eds em transforma\u00e7\u00e3o<\/a><\/strong>, na\u00a0<strong><a href=\"https:\/\/www.uninter.com\/radio\/#\">R\u00e1dio Uninter<\/a><\/strong>.<\/p>\n<p>A\u00a0<strong>estreia<\/strong>\u00a0aconteceu no dia 8 de outubro de 2019 e contou com a presen\u00e7a da jornalista B\u00e1rbara Carvalho e dos professores Alceli Ribeiro Alves e Sandra Maria Lopes de Souza. O assunto escolhido foi \u201cCidades Educadoras\u201d. Os apresentadores abordaram a necessidade de se repensar o planejamento das cidades grandes e medias \u2013 segundo um estudo da ONU, at\u00e9 2050 a popula\u00e7\u00e3o mundial estar\u00e1 fortemente concentrada nelas.<\/p>\n<p>No\u00a0<strong>segundo epis\u00f3dio<\/strong>, Sandra trouxe os professores Daniel de Christo e Relly Amaral Ribeiro e a tutora dos cursos de p\u00f3s-gradua\u00e7\u00e3o em Direito, Priscilla Bortolotto. O tema para debate foi a quest\u00e3o do trabalho da gestante em ambientes insalubres. Os comentaristas abordaram a diferen\u00e7a entre ambiente insalubre e de periculosidade, al\u00e9m das raz\u00f5es que tornam o trabalho em tais ambientes um risco maior para as gestantes.<\/p>\n<p>Para tratar sobre os processos eleitorais no Brasil, o professor Alceli Ribeiro dirigiu o\u00a0<strong>terceiro epis\u00f3dio<\/strong>\u00a0do programa com a colabora\u00e7\u00e3o dos professores Ricieri Garbelini e Gabriel Vergara. Ricieri, que tem experi\u00eancia em planejamento de campanha e gest\u00e3o p\u00fablica, destacou o aumento no \u00edndice de absten\u00e7\u00e3o nas elei\u00e7\u00f5es de 2019, e relacionou o fato \u00e0 diminui\u00e7\u00e3o de tempo e variedade de formas de campanha.<\/p>\n<p>O\u00a0<strong>quarto epis\u00f3dio<\/strong>\u00a0foi mediado pela professora Sandra, e contou mais uma vez com a participa\u00e7\u00e3o de Daniel de Christo e da professora Ana Paula Weinfurter, abordando a rela\u00e7\u00e3o entre doen\u00e7as emergentes e o meio ambiente. Os professores explicaram a diferen\u00e7a entre doen\u00e7as emergentes, como a dengue e a zika, e as reemergentes, como o sarampo, al\u00e9m de enfatizar a falta de base cient\u00edfica para o movimento antivacina.<\/p>\n<p>O programa tratou na\u00a0<strong>quinta edi\u00e7\u00e3o<\/strong>\u00a0da gest\u00e3o de riscos e seguros, com Alexandre de Andrade e Sandra Maria, que falaram do papel da gest\u00e3o de riscos em todo o planejamento da empresa, al\u00e9m de suas vantagens e de seu funcionamento.<\/p>\n<p>A\u00a0<strong>sexta edi\u00e7\u00e3o<\/strong>\u00a0do programa foi dedicada \u00e0 arquitetura sustent\u00e1vel. Gleoberto Marcondes dos Santos J\u00fanior e Gisele Dziura foram os professores convidados para esclarecer os pontos levantados por Sandra. Gisele explica que o termo surge em 1987, junto da preocupa\u00e7\u00e3o com o desenvolvimento sustent\u00e1vel, mas que a arquitetura sustent\u00e1vel \u00e9 posta em pr\u00e1tica desde 3000 a.C., nos casos em que a constru\u00e7\u00e3o atende \u00e0 demanda de prote\u00e7\u00e3o e tem baixo, ou nenhum, impacto ambiental.<\/p>\n<p>Mas nem s\u00f3 de temas da moda se fala no programa. A\u00a0<strong>s\u00e9tima transmiss\u00e3o<\/strong>\u00a0abordou os educand\u00e1rios, reformat\u00f3rios e orfanatos e as transforma\u00e7\u00f5es que essas institui\u00e7\u00f5es sofreram ap\u00f3s a cria\u00e7\u00e3o do Estatuto da Crian\u00e7a e do Adolescente em 1990. As professoras Renata Paranhos, Silvia Brandt e Gisele Giesel tamb\u00e9m falaram do impacto do Sistema \u00danico de Assist\u00eancia Social, criado em 2005, e de sua import\u00e2ncia para o desenvolvimento e socializa\u00e7\u00e3o de crian\u00e7as e adolescentes em lares tempor\u00e1rios e fam\u00edlias acolhedoras.<\/p>\n<p>Em dezembro, o programa trouxe ao est\u00fadio a psic\u00f3loga e sex\u00f3loga Carolina M. do Amaral e Silva. O debate tratou da sexualidade de homens e mulheres e seus tabus.<\/p>\n<p>Voc\u00ea acompanha o\u00a0<strong>Brasil: nosso pa\u00eds em transforma\u00e7\u00e3o<\/strong>\u00a0todas as ter\u00e7as, \u00e0s 14h30m, na\u00a0<strong><a href=\"https:\/\/www.uninter.com\/radio\/#\">R\u00e1dio Uninter<\/a><\/strong>, com reprises \u00e0s quintas, 18h30. Todos os programas ficam dispon\u00edveis no <a href=\"https:\/\/www.uninter.com\/radio\/category\/brasil-nosso-pais-em-transformacao\">site da emissora<\/a>, para voc\u00ea ouvir quando e onde quiser.<\/p>\n<p>&nbsp;<\/p>\n","protected":false},"excerpt":{"rendered":"<p>O Brasil \u00e9 um pa\u00eds em desenvolvimento, e passa por transforma\u00e7\u00f5es constantes em pequena e&#8230;<\/p>\n","protected":false},"author":12,"featured_media":28580,"comment_status":"open","ping_status":"open","sticky":false,"template":"","format":"standard","meta":[],"categories":[2306],"tags":[2743,2744,2745,2746,100],"_links":{"self":[{"href":"https:\/\/www.uninter.com\/radio\/wp-json\/wp\/v2\/posts\/28578"}],"collection":[{"href":"https:\/\/www.uninter.com\/radio\/wp-json\/wp\/v2\/posts"}],"about":[{"href":"https:\/\/www.uninter.com\/radio\/wp-json\/wp\/v2\/types\/post"}],"author":[{"embeddable":true,"href":"https:\/\/www.uninter.com\/radio\/wp-json\/wp\/v2\/users\/12"}],"replies":[{"embeddable":true,"href":"https:\/\/www.uninter.com\/radio\/wp-json\/wp\/v2\/comments?post=28578"}],"version-history":[{"count":1,"href":"https:\/\/www.uninter.com\/radio\/wp-json\/wp\/v2\/posts\/28578\/revisions"}],"predecessor-version":[{"id":28595,"href":"https:\/\/www.uninter.com\/radio\/wp-json\/wp\/v2\/posts\/28578\/revisions\/28595"}],"wp:featuredmedia":[{"embeddable":true,"href":"https:\/\/www.uninter.com\/radio\/wp-json\/wp\/v2\/media\/28580"}],"wp:attachment":[{"href":"https:\/\/www.uninter.com\/radio\/wp-json\/wp\/v2\/media?parent=28578"}],"wp:term":[{"taxonomy":"category","embeddable":true,"href":"https:\/\/www.uninter.com\/radio\/wp-json\/wp\/v2\/categories?post=28578"},{"taxonomy":"post_tag","embeddable":true,"href":"https:\/\/www.uninter.com\/radio\/wp-json\/wp\/v2\/tags?post=28578"}],"curies":[{"name":"wp","href":"https:\/\/api.w.org\/{rel}","templated":true}]}}