{"id":28573,"date":"2020-03-13T17:37:39","date_gmt":"2020-03-13T20:37:39","guid":{"rendered":"https:\/\/www.uninter.com\/radio\/?p=28573"},"modified":"2020-03-13T17:37:39","modified_gmt":"2020-03-13T20:37:39","slug":"estacao-sustentavel-13","status":"publish","type":"post","link":"https:\/\/www.uninter.com\/radio\/estacao-sustentavel-13","title":{"rendered":"Esta\u00e7\u00e3o Sustent\u00e1vel #13"},"content":{"rendered":"<p>Neste epis\u00f3dio do Esta\u00e7\u00e3o Sustent\u00e1vel,\u00a0Andr\u00e9 Pelanda e Jo\u00e3o Salesbram falam sobre biomas brasileiros, e discutem sobre a import\u00e2ncia desse assunto. Confira!<\/p>\n<!--[if lt IE 9]><script>document.createElement('audio');<\/script><![endif]-->\n<audio class=\"wp-audio-shortcode\" id=\"audio-28573-1\" preload=\"none\" style=\"width: 100%;\" controls=\"controls\"><source type=\"audio\/mpeg\" src=\"https:\/\/www.uninter.com\/radio\/wp-content\/uploads\/2020\/03\/09.03.2020-Estacao-Sustentavel.mp3?_=1\" \/><a href=\"https:\/\/www.uninter.com\/radio\/wp-content\/uploads\/2020\/03\/09.03.2020-Estacao-Sustentavel.mp3\">https:\/\/www.uninter.com\/radio\/wp-content\/uploads\/2020\/03\/09.03.2020-Estacao-Sustentavel.mp3<\/a><\/audio>\n","protected":false},"excerpt":{"rendered":"<p>Neste epis\u00f3dio do Esta\u00e7\u00e3o Sustent\u00e1vel,\u00a0Andr\u00e9 Pelanda e Jo\u00e3o Salesbram falam sobre biomas brasileiros, e discutem&#8230;<\/p>\n","protected":false},"author":3,"featured_media":30524,"comment_status":"open","ping_status":"open","sticky":false,"template":"","format":"standard","meta":[],"categories":[2705],"tags":[],"_links":{"self":[{"href":"https:\/\/www.uninter.com\/radio\/wp-json\/wp\/v2\/posts\/28573"}],"collection":[{"href":"https:\/\/www.uninter.com\/radio\/wp-json\/wp\/v2\/posts"}],"about":[{"href":"https:\/\/www.uninter.com\/radio\/wp-json\/wp\/v2\/types\/post"}],"author":[{"embeddable":true,"href":"https:\/\/www.uninter.com\/radio\/wp-json\/wp\/v2\/users\/3"}],"replies":[{"embeddable":true,"href":"https:\/\/www.uninter.com\/radio\/wp-json\/wp\/v2\/comments?post=28573"}],"version-history":[{"count":1,"href":"https:\/\/www.uninter.com\/radio\/wp-json\/wp\/v2\/posts\/28573\/revisions"}],"predecessor-version":[{"id":28577,"href":"https:\/\/www.uninter.com\/radio\/wp-json\/wp\/v2\/posts\/28573\/revisions\/28577"}],"wp:featuredmedia":[{"embeddable":true,"href":"https:\/\/www.uninter.com\/radio\/wp-json\/wp\/v2\/media\/30524"}],"wp:attachment":[{"href":"https:\/\/www.uninter.com\/radio\/wp-json\/wp\/v2\/media?parent=28573"}],"wp:term":[{"taxonomy":"category","embeddable":true,"href":"https:\/\/www.uninter.com\/radio\/wp-json\/wp\/v2\/categories?post=28573"},{"taxonomy":"post_tag","embeddable":true,"href":"https:\/\/www.uninter.com\/radio\/wp-json\/wp\/v2\/tags?post=28573"}],"curies":[{"name":"wp","href":"https:\/\/api.w.org\/{rel}","templated":true}]}}