{"id":28569,"date":"2020-03-13T17:37:23","date_gmt":"2020-03-13T20:37:23","guid":{"rendered":"https:\/\/www.uninter.com\/radio\/?p=28569"},"modified":"2020-03-13T17:39:15","modified_gmt":"2020-03-13T20:39:15","slug":"os-meandros-do-direito-agora-explicados-em-detalhes-no-radio","status":"publish","type":"post","link":"https:\/\/www.uninter.com\/radio\/os-meandros-do-direito-agora-explicados-em-detalhes-no-radio","title":{"rendered":"Os meandros do Direito agora explicados em detalhes no r\u00e1dio"},"content":{"rendered":"<p>Professores dos cursos de\u00a0<strong><a href=\"https:\/\/www.uninter.com\/pos-graduacao\/?utm_source=uninter-noticias&amp;utm_medium=referral\">p\u00f3s-gradua\u00e7\u00e3o<\/a><\/strong>\u00a0em\u00a0<strong>Direito<\/strong>\u00a0da\u00a0<strong><a href=\"https:\/\/www.uninter.com\/?utm_source=uninter-noticias&amp;utm_medium=referral\">Uninter<\/a>,<\/strong>\u00a0Silvano Alc\u00e2ntara, Artur Garcia e Priscila Bortolotto criaram em 2019 o programa de r\u00e1dio\u00a0<strong>Conhe\u00e7a seu direito<em>.\u00a0<\/em><\/strong>A ideia \u00e9 tratar de temas jur\u00eddicos que afetam o cotidiano das pessoas com uma linguagem acess\u00edvel. Al\u00e9m de destacar os direitos que todo cidad\u00e3o possui, os professores debatem tamb\u00e9m sobre os deveres que a boa cidadania exige de todos n\u00f3s.<\/p>\n<p>O programa \u00e9 veiculado pela\u00a0<strong><a href=\"https:\/\/www.uninter.com\/radio\/?utm_source=uninter-noticias&amp;utm_medium=referral\">R\u00e1dio Uninter<\/a><\/strong>\u00a0e todos os epis\u00f3dios s\u00e3o convertidos em podcast, que voc\u00ea pode acessar no site da emissora e ouvir onde e quando quiser.\u00a0O\u00a0<strong>primeiro epis\u00f3dio<\/strong>\u00a0foi ao ar no dia 7 de outubro e abordou o tema justi\u00e7a gratuita. Os apresentadores responderam perguntas sobre o benef\u00edcio. O professor Artur Garcia explica que a justi\u00e7a gratuita vem como uma efetiva\u00e7\u00e3o do direito ao acesso \u00e0 justi\u00e7a, para que ela n\u00e3o fique a merc\u00ea apenas de quem pode pagar.<\/p>\n<p>No\u00a0<strong>segundo programa<\/strong>, Silvano Alc\u00e2ntara, Artur Garcia e Priscila Bortolotto tratam sobre o direito do trabalhador \u00e0s f\u00e9rias remuneradas.\u00a0No\u00a0<strong>terceiro epis\u00f3dio<\/strong>, os professores discutiram sobre os direitos ambientais. A professora Priscila Bortolotto falou do artigo 225 da Constitui\u00e7\u00e3o Federal, para contextualizar o tema de danos ambientais ao direito dos humanos e dos animais.<\/p>\n<p>A nova reforma da previd\u00eancia entrou em pauta na\u00a0<strong>quarta edi\u00e7\u00e3o<\/strong>\u00a0do programa. Os apresentadores explicaram as principais mudan\u00e7as da nova regra, como as al\u00edquotas e o tempo para aposentadoria.\u00a0O\u00a0<strong>quinto epis\u00f3dio<\/strong>\u00a0traz um tema bem diferente \u2013 e at\u00e9 mesmo desconhecido \u2013 por boa parte da popula\u00e7\u00e3o: a desconsidera\u00e7\u00e3o da personalidade jur\u00eddica da pessoa jur\u00eddica.<\/p>\n<p>A \u00faltima edi\u00e7\u00e3o de 2019 foi ao ar no dia 16 de dezembro e tratou do tema usucapi\u00e3o. De acordo com Priscila, primeiro \u00e9 necess\u00e1rio entender que \u2018propriet\u00e1rio\u2019 \u00e9 diferente de \u2018possuidor\u2019, e o usucapi\u00e3o vem para ajudar o possuidor a se tornar dono de algum m\u00f3vel ou im\u00f3vel.<\/p>\n<p>O programa vai ao ar quinzenalmente, na segunda-feira, \u00e0s 14h00, com reprises toda quinta-feira, \u00e0s 11:30, no site da\u00a0<strong><a href=\"https:\/\/www.uninter.com\/radio\/?utm_source=uninter-noticias&amp;utm_medium=referral\">R\u00e1dio Uninter<\/a><\/strong>. Lembrando que voc\u00ea pode acessar todo o hist\u00f3rico de programas no site da emissora.<\/p>\n","protected":false},"excerpt":{"rendered":"<p>Professores dos cursos de\u00a0p\u00f3s-gradua\u00e7\u00e3o\u00a0em\u00a0Direito\u00a0da\u00a0Uninter,\u00a0Silvano Alc\u00e2ntara, Artur Garcia e Priscila Bortolotto criaram em 2019 o programa&#8230;<\/p>\n","protected":false},"author":12,"featured_media":28574,"comment_status":"open","ping_status":"open","sticky":false,"template":"","format":"standard","meta":[],"categories":[2306],"tags":[1665,2740,2741,2742,100],"_links":{"self":[{"href":"https:\/\/www.uninter.com\/radio\/wp-json\/wp\/v2\/posts\/28569"}],"collection":[{"href":"https:\/\/www.uninter.com\/radio\/wp-json\/wp\/v2\/posts"}],"about":[{"href":"https:\/\/www.uninter.com\/radio\/wp-json\/wp\/v2\/types\/post"}],"author":[{"embeddable":true,"href":"https:\/\/www.uninter.com\/radio\/wp-json\/wp\/v2\/users\/12"}],"replies":[{"embeddable":true,"href":"https:\/\/www.uninter.com\/radio\/wp-json\/wp\/v2\/comments?post=28569"}],"version-history":[{"count":1,"href":"https:\/\/www.uninter.com\/radio\/wp-json\/wp\/v2\/posts\/28569\/revisions"}],"predecessor-version":[{"id":28576,"href":"https:\/\/www.uninter.com\/radio\/wp-json\/wp\/v2\/posts\/28569\/revisions\/28576"}],"wp:featuredmedia":[{"embeddable":true,"href":"https:\/\/www.uninter.com\/radio\/wp-json\/wp\/v2\/media\/28574"}],"wp:attachment":[{"href":"https:\/\/www.uninter.com\/radio\/wp-json\/wp\/v2\/media?parent=28569"}],"wp:term":[{"taxonomy":"category","embeddable":true,"href":"https:\/\/www.uninter.com\/radio\/wp-json\/wp\/v2\/categories?post=28569"},{"taxonomy":"post_tag","embeddable":true,"href":"https:\/\/www.uninter.com\/radio\/wp-json\/wp\/v2\/tags?post=28569"}],"curies":[{"name":"wp","href":"https:\/\/api.w.org\/{rel}","templated":true}]}}