{"id":28562,"date":"2020-03-13T17:23:32","date_gmt":"2020-03-13T20:23:32","guid":{"rendered":"https:\/\/www.uninter.com\/radio\/?p=28562"},"modified":"2020-03-13T17:30:04","modified_gmt":"2020-03-13T20:30:04","slug":"claquete-o-programa-da-radio-uninter-que-fala-de-cinema-sem-o-azedume-dos-criticos","status":"publish","type":"post","link":"https:\/\/www.uninter.com\/radio\/claquete-o-programa-da-radio-uninter-que-fala-de-cinema-sem-o-azedume-dos-criticos","title":{"rendered":"Claquete, o programa da R\u00e1dio Uninter que fala de cinema sem o azedume dos cr\u00edticos"},"content":{"rendered":"<p>Os filmes fazem parte do nosso dia a dia, seja por refer\u00eancias em propagandas, pelas conversas nos corredores do trabalho e da faculdade ou durante as refei\u00e7\u00f5es. Uma hora ou outra, surge o assunto, e todos temos uma opini\u00e3o sobre o assunto.<\/p>\n<p>Quem nunca ouviu dizer que cr\u00edticos de cinema e outras artes s\u00e3o apenas artistas frustrados? Ou que s\u00e3o azedos e chupam lim\u00e3o? Bom, esse \u00e9 um dos jarg\u00f5es usados pelo professor Andr\u00e9 Corradini, dos cursos de\u00a0<strong><a href=\"https:\/\/www.uninter.com\/escola\/escola-de-gestao-de-negocios\/?utm_source=uninter-noticias&amp;utm_medium=referral\">Comunica\u00e7\u00e3o<\/a><\/strong>\u00a0da\u00a0<strong><a href=\"https:\/\/www.uninter.com\/?utm_source=uninter-noticias&amp;utm_medium=referral\">Uninter<\/a>,<\/strong>\u00a0em seu programa na\u00a0<a href=\"https:\/\/www.uninter.com\/radio\/\"><strong>R\u00e1dio Uninter<\/strong><\/a>, o <strong><a href=\"https:\/\/www.uninter.com\/radio\/category\/claquete\">Claquete<\/a><\/strong>, onde se fala sobre filmes \u201csem o azedume dos cr\u00edticos\u201d.<\/p>\n<p>No primeiro epis\u00f3dio, que foi ao ar no dia 23.out.2019, Corradini e as estudantes de\u00a0<b><a href=\"https:\/\/www.uninter.com\/graduacao-ead\/curso-jornalismo\/?utm_source=uninter-noticias&amp;utm_medium=referral\">Jornalismo<\/a><\/b>\u00a0Ariadne Helena K\u00f6rber e Jaqueline Correia Deina trazem um debate atual sobre o cinema. O tema surge devido aos coment\u00e1rios de grandes diretores, que afirmam que filmes como os da Marvel n\u00e3o s\u00e3o cinema, e o debate entre os comentaristas vai para a quest\u00e3o de o que \u00e9 ou n\u00e3o cinema.<\/p>\n<p>Fugindo um pouco das pol\u00eamicas, a edi\u00e7\u00e3o de 06.nov.2019 aborda os filmes de terror, suspense e helloween, devido a proximidade com o dia das bruxas, comemorado no dia 31.out.2019. Os comentaristas falam desde os cl\u00e1ssicos do terror, como O Exorcista, at\u00e9 filmes\u00a0<em>trash<\/em>\u00a0(lixo) como Ataque dos Vermes Malditos.<\/p>\n<p>A estreia das transmiss\u00f5es ao vivo do <strong><a href=\"https:\/\/www.uninter.com\/radio\/category\/claquete\">Claquete<\/a><\/strong>\u00a0foi em sua terceira edi\u00e7\u00e3o, que falou sobre anima\u00e7\u00f5es, desde os cl\u00e1ssicos da Disney e da Pixar at\u00e9 os consagrados longa metragens do Est\u00fadio Ghibli. E foi debatida a ideia equivocada de que filmes de anima\u00e7\u00e3o s\u00e3o somente para crian\u00e7as.<\/p>\n<p>Um dos filmes cults em debate no <strong><a href=\"https:\/\/www.uninter.com\/radio\/category\/claquete\">Claquete<\/a><\/strong>\u00a0foi Blade Runner \u2013 O Ca\u00e7ador de Andr\u00f3ides, que se passa em novembro de 2019. Corradini e Ariadne aproveitaram para debater sobre o original, lan\u00e7ado em 1982, e sua sequ\u00eancia tardia, lan\u00e7ada em 2016, Blade Runner 2049 no quarto epis\u00f3dio do programa. Foi ressaltado o fracasso de bilheteria do primeiro filme e suas in\u00fameras vers\u00f5es.<\/p>\n<p>E nem s\u00f3 de cinema hollywoodiano se fala no <strong><a href=\"https:\/\/www.uninter.com\/radio\/category\/claquete\">Claquete<\/a><\/strong>. Na quinta edi\u00e7\u00e3o, os comentaristas falaram sobre o cinema brasileiro. Entre os altos e baixos da produ\u00e7\u00e3o nacional, foi falado das duas \u00fanicas indica\u00e7\u00f5es ao Oscar do filme Central do Brasil, e sobre os filmes nacionais que tiveram repercuss\u00e3o ao redor do Globo.<\/p>\n<p>Para antecipar o lan\u00e7amento do filme mais recente da saga\u00a0<em>Star Wars<\/em>\u00a0(Guerra nas Estrelas), o\u00a0<strong><a href=\"https:\/\/www.uninter.com\/radio\/category\/claquete\">Claquete<\/a><\/strong>\u00a0falou sobre os dez filmes j\u00e1 lan\u00e7ados. Al\u00e9m de debater sobre as mensagens trazidas na saga e as reflex\u00f5es que ela fomenta, e sobre os personagens mais conhecidos.<\/p>\n<p>Voc\u00ea pode acompanhar as transmiss\u00f5es ao vivo do\u00a0<strong><a href=\"https:\/\/www.uninter.com\/radio\/category\/claquete\">Claquete<\/a><\/strong>\u00a0todas as segundas, \u00e0s 17h no Facebook da\u00a0<strong><a href=\"https:\/\/www.uninter.com\/radio\/\">R\u00e1dio Uninter<\/a>\u00a0<\/strong>e em seu site. As reprises s\u00e3o \u00e0s ter\u00e7as, 20h, al\u00e9m de todos os epis\u00f3dios citados nesta mat\u00e9ria estarem dispon\u00edveis aqui no site da R\u00e1dio Uninter.<\/p>\n","protected":false},"excerpt":{"rendered":"<p>Os filmes fazem parte do nosso dia a dia, seja por refer\u00eancias em propagandas, pelas&#8230;<\/p>\n","protected":false},"author":12,"featured_media":28564,"comment_status":"open","ping_status":"open","sticky":false,"template":"","format":"standard","meta":[],"categories":[2306],"tags":[2736,2737,2738,2739,100],"_links":{"self":[{"href":"https:\/\/www.uninter.com\/radio\/wp-json\/wp\/v2\/posts\/28562"}],"collection":[{"href":"https:\/\/www.uninter.com\/radio\/wp-json\/wp\/v2\/posts"}],"about":[{"href":"https:\/\/www.uninter.com\/radio\/wp-json\/wp\/v2\/types\/post"}],"author":[{"embeddable":true,"href":"https:\/\/www.uninter.com\/radio\/wp-json\/wp\/v2\/users\/12"}],"replies":[{"embeddable":true,"href":"https:\/\/www.uninter.com\/radio\/wp-json\/wp\/v2\/comments?post=28562"}],"version-history":[{"count":2,"href":"https:\/\/www.uninter.com\/radio\/wp-json\/wp\/v2\/posts\/28562\/revisions"}],"predecessor-version":[{"id":28568,"href":"https:\/\/www.uninter.com\/radio\/wp-json\/wp\/v2\/posts\/28562\/revisions\/28568"}],"wp:featuredmedia":[{"embeddable":true,"href":"https:\/\/www.uninter.com\/radio\/wp-json\/wp\/v2\/media\/28564"}],"wp:attachment":[{"href":"https:\/\/www.uninter.com\/radio\/wp-json\/wp\/v2\/media?parent=28562"}],"wp:term":[{"taxonomy":"category","embeddable":true,"href":"https:\/\/www.uninter.com\/radio\/wp-json\/wp\/v2\/categories?post=28562"},{"taxonomy":"post_tag","embeddable":true,"href":"https:\/\/www.uninter.com\/radio\/wp-json\/wp\/v2\/tags?post=28562"}],"curies":[{"name":"wp","href":"https:\/\/api.w.org\/{rel}","templated":true}]}}