{"id":28531,"date":"2020-03-11T18:30:46","date_gmt":"2020-03-11T21:30:46","guid":{"rendered":"https:\/\/www.uninter.com\/radio\/?p=28531"},"modified":"2020-03-11T18:44:43","modified_gmt":"2020-03-11T21:44:43","slug":"radio-uninter-inova-ao-exibir-programa-em-ingles-sobre-trilhas-de-filmes","status":"publish","type":"post","link":"https:\/\/www.uninter.com\/radio\/radio-uninter-inova-ao-exibir-programa-em-ingles-sobre-trilhas-de-filmes","title":{"rendered":"R\u00e1dio Uninter inova ao exibir programa em ingl\u00eas sobre trilhas de filmes"},"content":{"rendered":"<p>Os filmes n\u00e3o s\u00e3o feitos s\u00f3 da atua\u00e7\u00e3o das atrizes e atores e da hist\u00f3ria que \u00e9 contada, por mais que elas sejam essenciais. Uma parte que pode acabar passando batido \u00e9 a trilha sonora, que pode mudar completamente a percep\u00e7\u00e3o do espectador e como ele sente a cena. Por isso ela \u00e9 essencial no cinema.<\/p>\n<p>A\u00a0<a href=\"https:\/\/www.uninter.com\/radio\/\"><strong>R\u00e1dio Uninter<\/strong><\/a>\u00a0exibe\u00a0todas as ter\u00e7as-feiras, \u00e0s 17h30, o programa\u00a0<em>Soundtrack<\/em>\u00a0(trilha sonora),\u00a0cuja locu\u00e7\u00e3o \u00e9 toda\u00a0em ingl\u00eas. O programa nasceu como um projeto de extens\u00e3o para a r\u00e1dio, criado por Patrick Diener, professor dos cursos de\u00a0<strong><a href=\"https:\/\/www.uninter.com\/escola\/escola-de-gestao-de-negocios\/?utm_source=uninter-noticias&amp;utm_medium=referral\">Comunica\u00e7\u00e3o<\/a><\/strong>\u00a0da\u00a0<strong><a href=\"https:\/\/www.uninter.com\/?utm_source=uninter-noticias&amp;utm_medium=referral\">Uninter<\/a>,<\/strong>\u00a0que tirou da sua \u00e1rea de mestrado o assunto que iria abordar. Por ser em ingl\u00eas, o programa \u00e9 diferente dos outros dois da grade da r\u00e1dio que abordam cinema, o\u00a0<strong>Claquete<\/strong>\u00a0e o\u00a0<strong>Clube Retr\u00f4<\/strong>.<\/p>\n<p>A ideia do professor era proporcionar aos alunos envolvidos e aos ouvintes a chance de praticar o ingl\u00eas, trazer curiosidades sobre filmes e dar um enfoque \u00e0 sua trilha sonora, como o nome sugere. Durante os programas, Patrick traz diversas curiosidades e informa\u00e7\u00f5es sobre o filme que ir\u00e1 abordar, al\u00e9m de discutir g\u00eaneros de filmes e cinema em geral.<\/p>\n<p>O epis\u00f3dio de estreia falou sobre o filme\u00a0<strong>Pantera Negra<\/strong>, da Marvel, e destaca detalhes interessantes sobre o filme como o fato de algumas cenas de Wakanda, pa\u00eds ficcional onde se passa parte do filme, foram gravadas nas Cataratas do Igua\u00e7u (PR), que o \u00e1lbum da trilha do filme ficou em primeiro lugar na Billboard por tr\u00eas semanas consecutivas, al\u00e9m de contar com a participa\u00e7\u00e3o de uma atriz brasileira no elenco.<\/p>\n<p>Na segunda semana do programa, Patrick tocou a trilha do filme\u00a0<strong>Me Chame Pelo Seu Nome<\/strong>, de 2018. Depois da sinopse, comentou que o filme \u00e9 de produ\u00e7\u00e3o multinacional, incluindo o Brasil. Outro dado pontuado durante o programa foi que o filme sofreu censura na China e na Tun\u00edsia, por tratar de um romance entre pessoas do mesmo sexo.<\/p>\n<p>Os musicais tiveram vez no\u00a0<em>Soundtrack,<\/em>\u00a0representados por\u00a0<strong>La La Land<\/strong>, na terceira edi\u00e7\u00e3o do programa. O professor n\u00e3o s\u00f3 apresenta a ficha t\u00e9cnica do filme, como explica que a produ\u00e7\u00e3o foi um tributo \u00e0 cidade de Los Angeles (EUA), e ao cinema cl\u00e1ssico, al\u00e9m de ter uma trilha sonora digna de Oscar.<\/p>\n<p>Patrick trouxe para o programa filmes que geraram alguma pol\u00eamica, seja pelo roteiro, seja pela atua\u00e7\u00e3o.\u00a0<strong>Jocker<\/strong>, como disse o professor em sua quarta transmiss\u00e3o, gerou muita discuss\u00e3o quando foi anunciado pouco tempo depois de Esquadr\u00e3o Suicida, um dos fracassos da DC Comics no cinema. Patrick, contudo, pontua que o filme n\u00e3o s\u00f3 tem uma trilha sonora de excelente qualidade, mas que a obra em si \u00e9 primorosa.<\/p>\n<p>No quinto epis\u00f3dio de\u00a0<em>Soundtrack,<\/em>\u00a0Patrick traz o filme\u00a0<strong>Rocketman<\/strong>, que conta a hist\u00f3ria do cantor Elton John. Uma das curiosidades pontuada no programa \u00e9 que, por escolha do pr\u00f3prio cantor, o ator que o interpreta no filme cantou todas as m\u00fasicas do filme. Para o professor, isso trouxe um ar mais moderno para as can\u00e7\u00f5es.<\/p>\n<p>O programa\u00a0<em>Soundtrack<\/em>\u00a0fechou o m\u00eas de outubro com can\u00e7\u00f5es de ouro ao escolher\u00a0<strong>Mamma Mia \u2013 L\u00e1 Vamos N\u00f3s de Novo<\/strong>\u00a0como tema da sua sexta edi\u00e7\u00e3o, que se tornou uma homenagem \u00e0 banda ABBA, que det\u00e9m a autoria das m\u00fasicas do filme. Durante o programa Patrick traz diversas curiosidades sobre hist\u00f3ria das m\u00fasicas.<\/p>\n<p>Voc\u00ea pode acompanhar o programa\u00a0<em>Soundtrack<\/em>\u00a0na\u00a0<strong><a href=\"https:\/\/www.uninter.com\/radioweb\/?utm_source=uninter-noticias&amp;utm_medium=referral\">R\u00e1dio Uninter<\/a><\/strong>\u00a0todas as ter\u00e7as 18h30, ou sua reprise as sextas 17h. Voc\u00ea tamb\u00e9m pode ouvir as edi\u00e7\u00f5es do programa<\/p>\n","protected":false},"excerpt":{"rendered":"<p>Os filmes n\u00e3o s\u00e3o feitos s\u00f3 da atua\u00e7\u00e3o das atrizes e atores e da hist\u00f3ria&#8230;<\/p>\n","protected":false},"author":12,"featured_media":28532,"comment_status":"open","ping_status":"open","sticky":false,"template":"","format":"standard","meta":[],"categories":[2306],"tags":[2731,2732,2728,2733,100],"_links":{"self":[{"href":"https:\/\/www.uninter.com\/radio\/wp-json\/wp\/v2\/posts\/28531"}],"collection":[{"href":"https:\/\/www.uninter.com\/radio\/wp-json\/wp\/v2\/posts"}],"about":[{"href":"https:\/\/www.uninter.com\/radio\/wp-json\/wp\/v2\/types\/post"}],"author":[{"embeddable":true,"href":"https:\/\/www.uninter.com\/radio\/wp-json\/wp\/v2\/users\/12"}],"replies":[{"embeddable":true,"href":"https:\/\/www.uninter.com\/radio\/wp-json\/wp\/v2\/comments?post=28531"}],"version-history":[{"count":2,"href":"https:\/\/www.uninter.com\/radio\/wp-json\/wp\/v2\/posts\/28531\/revisions"}],"predecessor-version":[{"id":28534,"href":"https:\/\/www.uninter.com\/radio\/wp-json\/wp\/v2\/posts\/28531\/revisions\/28534"}],"wp:featuredmedia":[{"embeddable":true,"href":"https:\/\/www.uninter.com\/radio\/wp-json\/wp\/v2\/media\/28532"}],"wp:attachment":[{"href":"https:\/\/www.uninter.com\/radio\/wp-json\/wp\/v2\/media?parent=28531"}],"wp:term":[{"taxonomy":"category","embeddable":true,"href":"https:\/\/www.uninter.com\/radio\/wp-json\/wp\/v2\/categories?post=28531"},{"taxonomy":"post_tag","embeddable":true,"href":"https:\/\/www.uninter.com\/radio\/wp-json\/wp\/v2\/tags?post=28531"}],"curies":[{"name":"wp","href":"https:\/\/api.w.org\/{rel}","templated":true}]}}